{"id":72111,"date":"2026-05-28T09:52:05","date_gmt":"2026-05-28T14:52:05","guid":{"rendered":"https:\/\/tucomunidad.com.pa\/?p=72111"},"modified":"2026-05-28T09:52:06","modified_gmt":"2026-05-28T14:52:06","slug":"casco-peatonal-se-suma-a-la-fiesta-del-futbol","status":"publish","type":"post","link":"https:\/\/tucomunidad.com.pa\/?p=72111","title":{"rendered":"Casco Peatonal se suma a la fiesta del f\u00fatbol"},"content":{"rendered":"\n<p class=\"wp-block-paragraph\">Para el mes de junio, la Alcald\u00eda de Panam\u00e1 ha informado que en el contexto del Mundial de F\u00fatbol 2026 el programa Casco Peatonal tendr\u00e1 actividades especiales relacionadas con este evento y se prev\u00e9 la transmisi\u00f3n en vivo del partido amistoso de Panam\u00e1 versus Brasil y los partidos del Mundial el domingo \u00faltimo del mes. <\/p>\n\n\n\n<p class=\"wp-block-paragraph\">La idea es dar continuidad a una actividad que ha sido exitosa y que ha representado un impacto econ\u00f3mico positivo para los comercios ubicados en esta zona tur\u00edstica de la ciudad y para el pa\u00eds en general. <\/p>\n\n\n\n<p class=\"wp-block-paragraph\">En su primer aniversario la celebraci\u00f3n el Casco Peatonal recibi\u00f3 una asistencia acumulada aproximada de 800 mil personas, entre nacionales y extranjeros, una iniciativa que fortaleci\u00f3 la econom\u00eda local, promovi\u00f3 la cultura y devolvi\u00f3 el espacio p\u00fablico a la ciudadan\u00eda en el hist\u00f3rico barrio de San Felipe.<\/p>\n\n\n\n<figure class=\"wp-block-image size-large\"><img fetchpriority=\"high\" decoding=\"async\" width=\"1024\" height=\"684\" src=\"https:\/\/tucomunidad.com.pa\/wp-content\/uploads\/2026\/05\/CASCO-2-1024x684.webp\" alt=\"\" class=\"wp-image-72113\" srcset=\"https:\/\/tucomunidad.com.pa\/wp-content\/uploads\/2026\/05\/CASCO-2-1024x684.webp 1024w, https:\/\/tucomunidad.com.pa\/wp-content\/uploads\/2026\/05\/CASCO-2-300x200.webp 300w, https:\/\/tucomunidad.com.pa\/wp-content\/uploads\/2026\/05\/CASCO-2-768x513.webp 768w, https:\/\/tucomunidad.com.pa\/wp-content\/uploads\/2026\/05\/CASCO-2-1536x1025.webp 1536w, https:\/\/tucomunidad.com.pa\/wp-content\/uploads\/2026\/05\/CASCO-2.webp 1600w\" sizes=\"(max-width: 1024px) 100vw, 1024px\" \/><\/figure>\n\n\n\n<p class=\"wp-block-paragraph\">En los \u00faltimos 12 meses, a trav\u00e9s de las actividades y programas liderados por la Alcald\u00eda de Panam\u00e1, el Ministerio de Cultura, la Autoridad de Turismo, recibi\u00f3 aportes por m\u00e1s de 14.5 millones de d\u00f3lares, calculado en base al gasto promedio por persona en transporte, alimentos, comercio local, emprendimientos y servicios culturales. Este impacto benefici\u00f3 directamente a restaurantes, comercios, emprendedores, artistas y operadores tur\u00edsticos del \u00e1rea.<\/p>\n\n\n\n<p class=\"wp-block-paragraph\">Se trata de un efecto positivo a la econom\u00eda y al desarrollo del turismo, es el resultado de una agenda sostenida de actividades culturales, comunitarias y recreativas que atrajeron a residentes, visitantes y turistas, consolidando al Casco Antiguo como un punto de encuentro activo, seguro y din\u00e1mico.<\/p>\n\n\n\n<p class=\"wp-block-paragraph\">La iniciativa se consolid\u00f3 como una de las actividades de mayor atractivo ciudadano, dinamizando el espacio p\u00fablico, fortaleciendo la econom\u00eda local y ampliando la oferta cultural del centro hist\u00f3rico, adem\u00e1s de proyectar&nbsp; a&nbsp; Panam\u00e1 como un centro atractivo del turismo local e internacional.&nbsp;<\/p>\n\n\n\n<p class=\"wp-block-paragraph\"><\/p>\n\n\n\n<p class=\"wp-block-paragraph\"><\/p>\n\n\n\n<p class=\"wp-block-paragraph\"><\/p>\n","protected":false},"excerpt":{"rendered":"<p>Para el mes de junio, la Alcald\u00eda de Panam\u00e1 ha informado que en el contexto del Mundial de F\u00fatbol 2026 el programa Casco Peatonal tendr\u00e1 actividades especiales relacionadas con este evento y se prev\u00e9 la transmisi\u00f3n en vivo del partido amistoso de Panam\u00e1 versus Brasil y los partidos del Mundial el domingo \u00faltimo del mes. [&hellip;]<\/p>\n","protected":false},"author":5,"featured_media":72112,"comment_status":"open","ping_status":"open","sticky":false,"template":"","format":"standard","meta":{"_acf_changed":false,"footnotes":""},"categories":[4423,4398,16,41],"tags":[6109,6417,6418,6078],"class_list":["post-72111","post","type-post","status-publish","format-standard","has-post-thumbnail","hentry","category-ciudad","category-featured","category-destacado","category-tiempo-libre","tag-alcaldia-2","tag-cascopeatonal","tag-fiestadelfutbol","tag-panama-2"],"acf":[],"_links":{"self":[{"href":"https:\/\/tucomunidad.com.pa\/index.php?rest_route=\/wp\/v2\/posts\/72111","targetHints":{"allow":["GET"]}}],"collection":[{"href":"https:\/\/tucomunidad.com.pa\/index.php?rest_route=\/wp\/v2\/posts"}],"about":[{"href":"https:\/\/tucomunidad.com.pa\/index.php?rest_route=\/wp\/v2\/types\/post"}],"author":[{"embeddable":true,"href":"https:\/\/tucomunidad.com.pa\/index.php?rest_route=\/wp\/v2\/users\/5"}],"replies":[{"embeddable":true,"href":"https:\/\/tucomunidad.com.pa\/index.php?rest_route=%2Fwp%2Fv2%2Fcomments&post=72111"}],"version-history":[{"count":1,"href":"https:\/\/tucomunidad.com.pa\/index.php?rest_route=\/wp\/v2\/posts\/72111\/revisions"}],"predecessor-version":[{"id":72114,"href":"https:\/\/tucomunidad.com.pa\/index.php?rest_route=\/wp\/v2\/posts\/72111\/revisions\/72114"}],"wp:featuredmedia":[{"embeddable":true,"href":"https:\/\/tucomunidad.com.pa\/index.php?rest_route=\/wp\/v2\/media\/72112"}],"wp:attachment":[{"href":"https:\/\/tucomunidad.com.pa\/index.php?rest_route=%2Fwp%2Fv2%2Fmedia&parent=72111"}],"wp:term":[{"taxonomy":"category","embeddable":true,"href":"https:\/\/tucomunidad.com.pa\/index.php?rest_route=%2Fwp%2Fv2%2Fcategories&post=72111"},{"taxonomy":"post_tag","embeddable":true,"href":"https:\/\/tucomunidad.com.pa\/index.php?rest_route=%2Fwp%2Fv2%2Ftags&post=72111"}],"curies":[{"name":"wp","href":"https:\/\/api.w.org\/{rel}","templated":true}]}}