{"id":72082,"date":"2026-05-19T11:30:46","date_gmt":"2026-05-19T16:30:46","guid":{"rendered":"https:\/\/tucomunidad.com.pa\/?p=72082"},"modified":"2026-05-19T11:30:47","modified_gmt":"2026-05-19T16:30:47","slug":"extenderan-horarios-de-restaurantes-durante-el-mundial","status":"publish","type":"post","link":"https:\/\/tucomunidad.com.pa\/?p=72082","title":{"rendered":"Extender\u00e1n horarios de restaurantes durante el Mundial"},"content":{"rendered":"\n<p class=\"wp-block-paragraph\">Mediante Acuerdo Municipal aprobado en audiencia p\u00fablica, la Alcald\u00eda de Panam\u00e1 otorgar\u00e1 un permiso provisional para ampliar el horario de establecimientos comerciales durante la Copa Mundial de F\u00fatbol FIFA 2026.<\/p>\n\n\n\n<p class=\"wp-block-paragraph\">La iniciativa contempla la ampliaci\u00f3n temporal del horario de atenci\u00f3n de\u00a012:00 a.m. a 2:00 a.m., del\u00a011 de junio al 19 de julio de 2026, para restaurantes que mantengan registrada la actividad de venta de bebidas alcoh\u00f3licas como acompa\u00f1amiento en su aviso de operaci\u00f3n.<\/p>\n\n\n\n<p class=\"wp-block-paragraph\">La reuni\u00f3n de aprobaci\u00f3n de esta medida que tuvo lugar en el Teatro Gladys Vidal del Edificio Hatillo, fue coordinada por la Direcci\u00f3n de Participaci\u00f3n Ciudadana y Transparencia, y tuvo como expositora a la directora de Permisos y Cumplimiento, Alexandra L\u00f3pez.<\/p>\n\n\n\n<figure class=\"wp-block-image size-large\"><img fetchpriority=\"high\" decoding=\"async\" width=\"1024\" height=\"790\" src=\"https:\/\/tucomunidad.com.pa\/wp-content\/uploads\/2026\/05\/HORARIOS-1024x790.webp\" alt=\"\" class=\"wp-image-72084\" srcset=\"https:\/\/tucomunidad.com.pa\/wp-content\/uploads\/2026\/05\/HORARIOS-1024x790.webp 1024w, https:\/\/tucomunidad.com.pa\/wp-content\/uploads\/2026\/05\/HORARIOS-300x232.webp 300w, https:\/\/tucomunidad.com.pa\/wp-content\/uploads\/2026\/05\/HORARIOS-768x593.webp 768w, https:\/\/tucomunidad.com.pa\/wp-content\/uploads\/2026\/05\/HORARIOS.webp 1105w\" sizes=\"(max-width: 1024px) 100vw, 1024px\" \/><\/figure>\n\n\n\n<p class=\"wp-block-paragraph\">Entre los aspectos positivos se\u00f1alados sobresalen, el incremento en las ventas, la habilitaci\u00f3n de espacios de convivencia tipo&nbsp;<em>Fan Zone<\/em>&nbsp;y la creaci\u00f3n de plazas de trabajo temporales, fortaleciendo el movimiento econ\u00f3mico, tur\u00edstico y recreativo de la ciudad durante el Mundial.<\/p>\n\n\n\n<p class=\"wp-block-paragraph\">Los comercios interesados deber\u00e1n estar paz y salvo con el Municipio de Panam\u00e1, presentar la documentaci\u00f3n legal correspondiente y efectuar un pago \u00fanico de B\/.500.00, por el permiso temporal.<\/p>\n\n\n\n<p class=\"wp-block-paragraph\">Se emitir\u00e1 un certificado con c\u00f3digo QR para fines de control y verificaci\u00f3n el cual deber\u00e1 permanecer visible dentro de los locales autorizados, que se reiter\u00f3, no libera a los establecimientos de su responsabilidad de mitigar los niveles de ruido.<\/p>\n","protected":false},"excerpt":{"rendered":"<p>Mediante Acuerdo Municipal aprobado en audiencia p\u00fablica, la Alcald\u00eda de Panam\u00e1 otorgar\u00e1 un permiso provisional para ampliar el horario de establecimientos comerciales durante la Copa Mundial de F\u00fatbol FIFA 2026. La iniciativa contempla la ampliaci\u00f3n temporal del horario de atenci\u00f3n de\u00a012:00 a.m. a 2:00 a.m., del\u00a011 de junio al 19 de julio de 2026, para [&hellip;]<\/p>\n","protected":false},"author":5,"featured_media":72083,"comment_status":"open","ping_status":"open","sticky":false,"template":"","format":"standard","meta":{"_acf_changed":false,"footnotes":""},"categories":[4423,4398,16,21],"tags":[6407,6406,6408,6078],"class_list":["post-72082","post","type-post","status-publish","format-standard","has-post-thumbnail","hentry","category-ciudad","category-featured","category-destacado","category-empresarial","tag-acuerdomunicipal","tag-horarioextendido","tag-mundialdefutbol-2","tag-panama-2"],"acf":[],"_links":{"self":[{"href":"https:\/\/tucomunidad.com.pa\/index.php?rest_route=\/wp\/v2\/posts\/72082","targetHints":{"allow":["GET"]}}],"collection":[{"href":"https:\/\/tucomunidad.com.pa\/index.php?rest_route=\/wp\/v2\/posts"}],"about":[{"href":"https:\/\/tucomunidad.com.pa\/index.php?rest_route=\/wp\/v2\/types\/post"}],"author":[{"embeddable":true,"href":"https:\/\/tucomunidad.com.pa\/index.php?rest_route=\/wp\/v2\/users\/5"}],"replies":[{"embeddable":true,"href":"https:\/\/tucomunidad.com.pa\/index.php?rest_route=%2Fwp%2Fv2%2Fcomments&post=72082"}],"version-history":[{"count":2,"href":"https:\/\/tucomunidad.com.pa\/index.php?rest_route=\/wp\/v2\/posts\/72082\/revisions"}],"predecessor-version":[{"id":72121,"href":"https:\/\/tucomunidad.com.pa\/index.php?rest_route=\/wp\/v2\/posts\/72082\/revisions\/72121"}],"wp:featuredmedia":[{"embeddable":true,"href":"https:\/\/tucomunidad.com.pa\/index.php?rest_route=\/wp\/v2\/media\/72083"}],"wp:attachment":[{"href":"https:\/\/tucomunidad.com.pa\/index.php?rest_route=%2Fwp%2Fv2%2Fmedia&parent=72082"}],"wp:term":[{"taxonomy":"category","embeddable":true,"href":"https:\/\/tucomunidad.com.pa\/index.php?rest_route=%2Fwp%2Fv2%2Fcategories&post=72082"},{"taxonomy":"post_tag","embeddable":true,"href":"https:\/\/tucomunidad.com.pa\/index.php?rest_route=%2Fwp%2Fv2%2Ftags&post=72082"}],"curies":[{"name":"wp","href":"https:\/\/api.w.org\/{rel}","templated":true}]}}