{"id":72010,"date":"2026-04-18T12:16:05","date_gmt":"2026-04-18T17:16:05","guid":{"rendered":"https:\/\/tucomunidad.com.pa\/?p=72010"},"modified":"2026-04-18T12:16:06","modified_gmt":"2026-04-18T17:16:06","slug":"decreto-sobre-plataformas-digitales-de-transporte-causa-controversias","status":"publish","type":"post","link":"https:\/\/tucomunidad.com.pa\/?p=72010","title":{"rendered":"Decreto sobre plataformas digitales de transporte causa controversias"},"content":{"rendered":"\n<p class=\"wp-block-paragraph\">Controversia, desencuentros y voces a favor se mezclan en torno al Decreto Ejecutivo No. 10 del 16 de abril de 2026, que, seg\u00fan el Ejecutivo, busca modernizar el sistema de transporte terrestre y hacer m\u00e1s eficiente el uso de las Tecnolog\u00edas de la Informaci\u00f3n y la Comunicaci\u00f3n (TIC) bajo la supervisi\u00f3n de la Autoridad del Tr\u00e1nsito y Transporte Terrestre. Este decreto regula en esencia el servicio de transporte registrado mediante plataformas digitales, vale decir Uber, InDrive y otros.<\/p>\n\n\n\n<p class=\"wp-block-paragraph\">Lo que dicta el decreto:<\/p>\n\n\n\n<ul class=\"wp-block-list\">\n<li>Los veh\u00edculos no deben tener m\u00e1s de 7 a\u00f1os de antig\u00fcedad y deben tener aire acondicionado.<\/li>\n\n\n\n<li>Ser\u00e1n registrado por la ATTT con un sticker de uso obligatorio con las Iniciales TL (transporte de lujo)<\/li>\n\n\n\n<li>Los conductores deben ser paname\u00f1os con licencia E1, tener r\u00e9cord policivo limpio y tener Certificado de Operaci\u00f3n TL otorgado por la ATTT.<\/li>\n\n\n\n<li>Las plataformas digitales solo podr\u00e1n intermediar el servicio, no pueden administrar ni comprar autos y s\u00f3lo pueden operar con conductores certificados.<\/li>\n\n\n\n<li>Las tarifas ser\u00e1n reguladas por la ATTT y los pagos podr\u00e1n ser electr\u00f3nicos y en efectivo.<\/li>\n\n\n\n<li>Este decreto ya entr\u00f3 en efecto y el servicio tiene 3 meses para adecuarse.<\/li>\n<\/ul>\n\n\n\n<figure class=\"wp-block-image size-full\"><img fetchpriority=\"high\" decoding=\"async\" width=\"700\" height=\"393\" src=\"https:\/\/tucomunidad.com.pa\/wp-content\/uploads\/2026\/04\/IMG_5487.jpg\" alt=\"\" class=\"wp-image-72013\" srcset=\"https:\/\/tucomunidad.com.pa\/wp-content\/uploads\/2026\/04\/IMG_5487.jpg 700w, https:\/\/tucomunidad.com.pa\/wp-content\/uploads\/2026\/04\/IMG_5487-300x168.jpg 300w\" sizes=\"(max-width: 700px) 100vw, 700px\" \/><\/figure>\n\n\n\n<p class=\"wp-block-paragraph\">Las plataformas digitales de transporte aseguran que este decreto podr\u00eda generar efectos negativos en la oferta del servicio y en las oportunidades de ingreso para miles de conductores.<\/p>\n\n\n\n<p class=\"wp-block-paragraph\">Aseguran que estas normas acercan el modelo de plataformas al esquema tradicional, lo cual limita la participaci\u00f3n flexible de conductores y ri\u00f1e con la naturaleza del mercado digital.<\/p>\n\n\n\n<p class=\"wp-block-paragraph\">El alcalde de Panam\u00e1, Mayer Mizrachi, asegur\u00f3 que este decreto \u201cen lugar de subir los taxis amarillos al nivel de Uber, lo quehace es que baja a Uber al nivel de los taxis\u201d.<\/p>\n","protected":false},"excerpt":{"rendered":"<p>Controversia, desencuentros y voces a favor se mezclan en torno al Decreto Ejecutivo No. 10 del 16 de abril de 2026, que, seg\u00fan el Ejecutivo, busca modernizar el sistema de transporte terrestre y hacer m\u00e1s eficiente el uso de las Tecnolog\u00edas de la Informaci\u00f3n y la Comunicaci\u00f3n (TIC) bajo la supervisi\u00f3n de la Autoridad del [&hellip;]<\/p>\n","protected":false},"author":5,"featured_media":72011,"comment_status":"open","ping_status":"open","sticky":false,"template":"","format":"standard","meta":{"_acf_changed":false,"footnotes":""},"categories":[16,4398,17],"tags":[6195,6381,6383,6380,6382],"class_list":["post-72010","post","type-post","status-publish","format-standard","has-post-thumbnail","hentry","category-destacado","category-featured","category-nacionales","tag-attt-2","tag-decreto-2","tag-indrive","tag-transportedelujo","tag-uber-2"],"acf":[],"_links":{"self":[{"href":"https:\/\/tucomunidad.com.pa\/index.php?rest_route=\/wp\/v2\/posts\/72010","targetHints":{"allow":["GET"]}}],"collection":[{"href":"https:\/\/tucomunidad.com.pa\/index.php?rest_route=\/wp\/v2\/posts"}],"about":[{"href":"https:\/\/tucomunidad.com.pa\/index.php?rest_route=\/wp\/v2\/types\/post"}],"author":[{"embeddable":true,"href":"https:\/\/tucomunidad.com.pa\/index.php?rest_route=\/wp\/v2\/users\/5"}],"replies":[{"embeddable":true,"href":"https:\/\/tucomunidad.com.pa\/index.php?rest_route=%2Fwp%2Fv2%2Fcomments&post=72010"}],"version-history":[{"count":1,"href":"https:\/\/tucomunidad.com.pa\/index.php?rest_route=\/wp\/v2\/posts\/72010\/revisions"}],"predecessor-version":[{"id":72015,"href":"https:\/\/tucomunidad.com.pa\/index.php?rest_route=\/wp\/v2\/posts\/72010\/revisions\/72015"}],"wp:featuredmedia":[{"embeddable":true,"href":"https:\/\/tucomunidad.com.pa\/index.php?rest_route=\/wp\/v2\/media\/72011"}],"wp:attachment":[{"href":"https:\/\/tucomunidad.com.pa\/index.php?rest_route=%2Fwp%2Fv2%2Fmedia&parent=72010"}],"wp:term":[{"taxonomy":"category","embeddable":true,"href":"https:\/\/tucomunidad.com.pa\/index.php?rest_route=%2Fwp%2Fv2%2Fcategories&post=72010"},{"taxonomy":"post_tag","embeddable":true,"href":"https:\/\/tucomunidad.com.pa\/index.php?rest_route=%2Fwp%2Fv2%2Ftags&post=72010"}],"curies":[{"name":"wp","href":"https:\/\/api.w.org\/{rel}","templated":true}]}}