{"id":70929,"date":"2025-05-12T17:07:34","date_gmt":"2025-05-12T22:07:34","guid":{"rendered":"https:\/\/tucomunidad.com.pa\/los-conflictos-que-tienen-el-jaque-al-gobierno\/"},"modified":"2025-08-07T05:19:08","modified_gmt":"2025-08-07T10:19:08","slug":"los-conflictos-que-tienen-el-jaque-al-gobierno","status":"publish","type":"post","link":"https:\/\/tucomunidad.com.pa\/?p=70929","title":{"rendered":"Los conflictos\u00a0 que tienen el jaque al gobierno\u00a0"},"content":{"rendered":"<p><span style=\"font-weight: 400;\">La gesti\u00f3n del Presidente Jos\u00e9 Ra\u00fal Mulino recibi\u00f3 el mes de mayo con una oleada de protestas tras la aprobaci\u00f3n de la Ley 462, que reforma la Caja de Seguro Social (CSS),la firma del memor\u00e1ndum de entendimiento con Estados Unidos en torno al Canal, la posible reapertura de la mina cobre en Donoso y la construcci\u00f3n del embalse en R\u00edo Indio.\u00a0<\/span><\/p>\n<p><span style=\"font-weight: 400;\">La situaci\u00f3n se encuentra en tensiones elevadas donde se exige la renuncia de al menos tres ministros, e inclusive la dimisi\u00f3n del Presidente. Por el lado del Ejecutivo no se muestran buenos t\u00e9rminos para la negociaci\u00f3n, por el contrario abundan las amenazas de despidos y supresi\u00f3n de salarios a los docentes y obreros de la construcci\u00f3n que mantienen un paro nacional indefinido como medida de presi\u00f3n.\u00a0<\/span><\/p>\n<p><b>Reforma de la Seguridad Social<\/b><\/p>\n<p><span style=\"font-weight: 400;\">Sindicatos, estudiantes y organizaciones civiles han salido masivamente a las calles en rechazo a lo que consideran una \u201cprivatizaci\u00f3n encubierta\u201d del sistema de pensiones. La ley sustituye el modelo solidario por cuentas individuales y permite revisar la edad de jubilaci\u00f3n en seis a\u00f1os, lo que ha generado preocupaci\u00f3n entre los trabajadores. <a href=\"https:\/\/tucomunidad.com.pa\/wp-content\/uploads\/2025\/08\/PROTESTAS-1.jpg\"><img fetchpriority=\"high\" decoding=\"async\" class=\"alignnone size-large wp-image-28358\" src=\"https:\/\/tucomunidad.com.pa\/wp-content\/uploads\/2025\/08\/PROTESTAS-1-1024x683.jpg\" alt=\"\" width=\"1024\" height=\"683\" \/><\/a><\/span><\/p>\n<p><span style=\"font-weight: 400;\">El Sindicato \u00danico Nacional de Trabajadores de la Construcci\u00f3n y Similares (SUNTRACS) lider\u00f3 una huelga nacional \u201cde advertencia\u201d el pasado 21 de marzo, con manifestaciones en todo el pa\u00eds. En la Universidad de Panam\u00e1 y en Col\u00f3n, las protestas derivaron en enfrentamientos con la polic\u00eda, uso de gases lacrim\u00f3genos y detenciones.\u00a0<\/span><\/p>\n<p><span style=\"font-weight: 400;\">El presidente Jos\u00e9 Ra\u00fal Mulino defendi\u00f3 la ley como una medida para garantizar la sostenibilidad del sistema, negando un aumento inmediato en la edad de jubilaci\u00f3n. Sin embargo, diversos sectores sociales contin\u00faan exigiendo su derogaci\u00f3n, argumentando que la reforma pone en riesgo el futuro de las pensiones y beneficia a entidades financieras privadas.<\/span><\/p>\n<p><span style=\"font-weight: 400;\">La agenda del sector opositor continu\u00f3 con la declaraci\u00f3n de una huelga nacional indefinida de educadores a partir del 23 de abril, la cual se mantiene activa, sum\u00e1ndose ahora un paro nacional indefinido de los trabajadores de la construcci\u00f3n y otros sectores productivos del pa\u00eds.\u00a0<\/span><\/p>\n<p><span style=\"font-weight: 400;\">Las movilizaciones persisten, con llamados a nuevas acciones y una creciente tensi\u00f3n entre el gobierno y los manifestantes. La situaci\u00f3n refleja un profundo descontento social ante cambios percibidos como lesivos para los derechos laborales y la seguridad social en el pa\u00eds.<\/span><\/p>\n<p><b>\u00bfInjerencia extranjera?<\/b><\/p>\n<p><span style=\"font-weight: 400;\">Otro caso explosivo en esta ola de manifestaciones ha sido provocado por el acuerdo firmado entre el ministro de Seguridad P\u00fablica de Panam\u00e1, Frank \u00c1brego, y el secretario de Defensa de EE.UU., Pete Hegseth, que presuntamente permite el uso de antiguas bases militares como Fort Sherman y Rodman por parte de tropas estadounidenses, bajo el argumento de reforzar la seguridad mar\u00edtima y cibern\u00e9tica en el \u00e1rea del Canal de Panam\u00e1. Aunque el gobierno paname\u00f1o niega una presencia militar permanente, el acuerdo ha sido criticado por contradecir el Tratado de Neutralidad de 1977 y por ceder soberan\u00eda nacional.<\/span><\/p>\n<p><span style=\"font-weight: 400;\">Los cuestionamientos alcanzan el tema de una numerosa presencia de soldados norteamericanos en el pa\u00eds, bajo el pretexto de ejercicios militares conjuntos establecidos desde hace a\u00f1os por ambos gobiernos. En torno a \u00e9sto, el Presidente Donald Trump ha dicho que Estados Unidos ha logrado incrementar la presencia militar en la naci\u00f3n centroamericana.\u00a0<\/span><\/p>\n<p><span style=\"font-weight: 400;\">Por otro lado, cuando todos pensaban que las cosas no pod\u00edan ir a peor, Trump anunci\u00f3 que hab\u00eda comisionado a su Secretario de Estado para que se acerca con Panam\u00e1 el libre tr\u00e1nsito de buques militares y comerciales por el Canal.\u00a0<\/span><\/p>\n<p><b>Miner\u00eda<\/b><\/p>\n<p><span style=\"font-weight: 400;\">Tras la suspensi\u00f3n de operaciones de la mina de cobre en 2023 debido a protestas masivas y a un fallo de la Corte Suprema de Justicia que declar\u00f3 inconstitucional el contrato de explotaci\u00f3n minera firmado entre el Gobierno y la operadora trasnacional First Quantum Minerals, el gobierno eval\u00faa la posibilidad de reabrir la mina Cobre Panam\u00e1. <a href=\"https:\/\/tucomunidad.com.pa\/wp-content\/uploads\/2025\/08\/PROTESTAS-3.jpg\"><img decoding=\"async\" class=\"alignnone size-large wp-image-28360\" src=\"https:\/\/tucomunidad.com.pa\/wp-content\/uploads\/2025\/08\/PROTESTAS-3-1024x614.jpg\" alt=\"\" width=\"1024\" height=\"614\" \/><\/a><\/span><\/p>\n<p><span style=\"font-weight: 400;\">Aunque no se ha anunciado oficialmente, la discusi\u00f3n sobre su reactivaci\u00f3n ha generado preocupaci\u00f3n en sectores ambientalistas y comunidades locales, que temen impactos negativos en el medio ambiente y en sus medios de vida.<\/span><\/p>\n<p><b>R\u00edo Indio<\/b><\/p>\n<p><span style=\"font-weight: 400;\">La Autoridad del Canal de Panam\u00e1 (ACP) ha declarado prioritaria la construcci\u00f3n de un embalse en la cuenca del r\u00edo Indio, con una inversi\u00f3n estimada de $1,600 millones y un plazo de seis a\u00f1os. El proyecto busca garantizar el suministro de agua para el Canal y para m\u00e1s del 50% de la poblaci\u00f3n paname\u00f1a. Sin embargo, comunidades campesinas y organizaciones sociales se oponen al proyecto, argumentando que afectar\u00e1 a m\u00e1s de 500 familias y representar\u00e1 un \u201ccrimen ambiental\u201d .<\/span><\/p>\n<p><span style=\"font-weight: 400;\">Estos temas han generado un clima de descontento y movilizaci\u00f3n social en Panam\u00e1, con protestas y debates sobre la soberan\u00eda, el medio ambiente y los derechos de las comunidades afectadas.\u00a0<\/span><\/p>\n<p><span style=\"font-weight: 400;\">La incertidumbre es cada vez mayor as\u00ed como las tensiones en la calle; m\u00e1s de 500 mil estudiantes est\u00e1n sin clases o clases a medias y las principales obras de construcci\u00f3n del pa\u00eds se encuentran paralizadas. Una situaci\u00f3n cr\u00edtica que los paname\u00f1os esperan sea resuelta cuanto antes. <a href=\"https:\/\/tucomunidad.com.pa\/wp-content\/uploads\/2025\/08\/PROTESTAS-1.webp\"><img decoding=\"async\" class=\"alignnone size-full wp-image-28361\" src=\"https:\/\/tucomunidad.com.pa\/wp-content\/uploads\/2025\/08\/PROTESTAS-1.webp\" alt=\"\" width=\"880\" height=\"495\" \/><\/a><\/span><\/p>\n<p>&nbsp;<\/p>\n","protected":false},"excerpt":{"rendered":"<p>La gesti\u00f3n del Presidente Jos\u00e9 Ra\u00fal Mulino recibi\u00f3 el mes de mayo con una oleada de protestas tras la aprobaci\u00f3n de la Ley 462, que reforma la Caja de Seguro Social (CSS),la firma del memor\u00e1ndum de entendimiento con Estados Unidos en torno al Canal, la posible reapertura de la mina cobre en Donoso y la [&hellip;]<\/p>\n","protected":false},"author":1,"featured_media":70934,"comment_status":"closed","ping_status":"open","sticky":false,"template":"","format":"standard","meta":{"_acf_changed":false,"footnotes":""},"categories":[4398,17,18],"tags":[5739,3393,4774,5986,4829,5345,5339],"class_list":["post-70929","post","type-post","status-publish","format-standard","has-post-thumbnail","hentry","category-featured","category-nacionales","category-reportajes-especiales","tag-cajadelsegurosocial","tag-canaldepanama","tag-gobierno","tag-prpotestas","tag-docentes","tag-huelgas","tag-mina"],"acf":[],"_links":{"self":[{"href":"https:\/\/tucomunidad.com.pa\/index.php?rest_route=\/wp\/v2\/posts\/70929","targetHints":{"allow":["GET"]}}],"collection":[{"href":"https:\/\/tucomunidad.com.pa\/index.php?rest_route=\/wp\/v2\/posts"}],"about":[{"href":"https:\/\/tucomunidad.com.pa\/index.php?rest_route=\/wp\/v2\/types\/post"}],"author":[{"embeddable":true,"href":"https:\/\/tucomunidad.com.pa\/index.php?rest_route=\/wp\/v2\/users\/1"}],"replies":[{"embeddable":true,"href":"https:\/\/tucomunidad.com.pa\/index.php?rest_route=%2Fwp%2Fv2%2Fcomments&post=70929"}],"version-history":[{"count":1,"href":"https:\/\/tucomunidad.com.pa\/index.php?rest_route=\/wp\/v2\/posts\/70929\/revisions"}],"predecessor-version":[{"id":70933,"href":"https:\/\/tucomunidad.com.pa\/index.php?rest_route=\/wp\/v2\/posts\/70929\/revisions\/70933"}],"wp:featuredmedia":[{"embeddable":true,"href":"https:\/\/tucomunidad.com.pa\/index.php?rest_route=\/wp\/v2\/media\/70934"}],"wp:attachment":[{"href":"https:\/\/tucomunidad.com.pa\/index.php?rest_route=%2Fwp%2Fv2%2Fmedia&parent=70929"}],"wp:term":[{"taxonomy":"category","embeddable":true,"href":"https:\/\/tucomunidad.com.pa\/index.php?rest_route=%2Fwp%2Fv2%2Fcategories&post=70929"},{"taxonomy":"post_tag","embeddable":true,"href":"https:\/\/tucomunidad.com.pa\/index.php?rest_route=%2Fwp%2Fv2%2Ftags&post=70929"}],"curies":[{"name":"wp","href":"https:\/\/api.w.org\/{rel}","templated":true}]}}