{"id":70643,"date":"2025-02-28T14:10:39","date_gmt":"2025-02-28T19:10:39","guid":{"rendered":"https:\/\/tucomunidad.com.pa\/hoy-inicia-el-carnaval\/"},"modified":"2025-08-07T05:15:26","modified_gmt":"2025-08-07T10:15:26","slug":"hoy-inicia-el-carnaval","status":"publish","type":"post","link":"https:\/\/tucomunidad.com.pa\/?p=70643","title":{"rendered":"\u00a1Hoy inicia el Carnaval!\u00a0"},"content":{"rendered":"<p>Desde este viernes arranca la celebraci\u00f3n del Carnaval en todo el pa\u00eds, incluyendo el Festival Carnaval\u00edstico de la ciudad capital que se realizar\u00e1 en la Cinta Costera.<\/p>\n<p>Se espera que en horas de la tarde-noche comience el acostumbrado \u00e9xodo de temporadistas hacia el interior del pa\u00eds para disfrutar de estas fiestas en Penonom\u00e9, Chitr\u00e9, Las Tablas, Los Santos, Chiriqu\u00ed y otras regiones.<\/p>\n<p>Este a\u00f1o los d\u00edas de celebraci\u00f3n del Carnaval van de 1 al 5 de marzo, tiempo ideal para disfrutarlos al m\u00e1ximo, cuidando siempre los excesos.<\/p>\n<figure id=\"attachment_27952\" aria-describedby=\"caption-attachment-27952\" style=\"width: 1024px\" class=\"wp-caption alignnone\"><a href=\"https:\/\/tucomunidad.com.pa\/wp-content\/uploads\/2025\/08\/tradicion-5.jpg\"><img fetchpriority=\"high\" decoding=\"async\" class=\"size-large wp-image-27952\" src=\"https:\/\/tucomunidad.com.pa\/wp-content\/uploads\/2025\/08\/tradicion-5-1024x535.jpg\" alt=\"\" width=\"1024\" height=\"535\" \/><\/a><figcaption id=\"caption-attachment-27952\" class=\"wp-caption-text\">Alegr\u00eda y Mojadera al ritmo del regae en los Culecos del Carnaval de la City Panam\u00e1 2013<\/figcaption><\/figure>\n<p><strong>Lo que debemos saber\u00a0<\/strong><\/p>\n<p>A partir de\u00a0 las 9:00 a.m. habr\u00e1 cierre parcial en la avenida Balboa (entre la calle 33 y la avenida 3 de Noviembre).<\/p>\n<p>A partir de las 12:00 del mediod\u00eda, se cerrar\u00e1 el tramo de la Cinta Costera comprendido entre el Mercado de Mariscos y el monumento de N\u00fa\u00f1ez de Balboa.<\/p>\n<p>Rutas alternas: Ave. Justo Arosemena,\u00a0 Ave. Per\u00fa, Ave. Cuba y V\u00eda Espa\u00f1a.<\/p>\n<p>Para ir a Casco Antiguo, estar\u00e1 habilitado un carril en la avenida 3 de Noviembre para acceder a la rotonda y al tramo mar\u00edtimo de la Cinta Costera.<\/p>\n<p>Se estima que se desplacen hacia el interior del pa\u00eds, unos 175 mil veh\u00edculos.<\/p>\n<p><strong>INVERSI\u00d3N DE CARRILES\u00a0<\/strong><\/p>\n<p><strong>VIERNES 28\u00a0<\/strong><\/p>\n<p>De 12:00 m. a 8:00 p.m.: desde la avenida Los M\u00e1rtires hasta Howard.<\/p>\n<p>De 12:00 m. a 7:00 p.m.: desde Arraij\u00e1n Cabecera, pasando por Burunga, hasta TCT, en Vista Alegre.<\/p>\n<p>De 12:00 m. a 6:00 p.m.: desde El Nazareno, en La Chorrera, hasta Campana, en Capira, y desde Sajalices, en Capira, hasta San Jos\u00e9, en San Carlos.<\/p>\n<p>S\u00c1<strong>BADO 29 DE FEBRERO<\/strong>, la inversi\u00f3n de carriles se mantendr\u00e1 en los mismos tramos:<\/p>\n<p>De 5:00 a.m. a 6:00 p.m.: desde El Nazareno, en La Chorrera, hasta Campana, en Capira, y desde Sajalices hasta San Jos\u00e9, en San Carlos.<a href=\"https:\/\/tucomunidad.com.pa\/wp-content\/uploads\/2025\/08\/carnaval.webp\"><img decoding=\"async\" class=\"alignnone size-large wp-image-27953\" src=\"https:\/\/tucomunidad.com.pa\/wp-content\/uploads\/2025\/08\/carnaval-1024x576.webp\" alt=\"\" width=\"1024\" height=\"576\" \/><\/a><\/p>\n<p><strong>RETORNO 4 de marzo<\/strong><\/p>\n<p>De 10:00 a.m. a 6:00 p.m.: desde El Nance, en San Carlos, hasta Sajalices, en Capira, y desde Campana, en Capira, hasta El Nazareno, en La Chorrera.<\/p>\n<p><strong>MI\u00c9RCOLES 5 DE MARZO\u00a0<\/strong><\/p>\n<p>La inversi\u00f3n de v\u00edas se implementar\u00e1 en el mismo tramo, pero en un horario distinto:<\/p>\n<p>De 7:00 a.m. a 6:00 p.m.: desde El Nance, en San Carlos, hasta Sajalices, en Capira, y desde Campana, en Capira, hasta El Nazareno, en La Chorrera.<\/p>\n<table>\n<tbody>\n<tr>\n<td width=\"44\">&nbsp;<\/td>\n<td width=\"1036\">&nbsp;<\/td>\n<\/tr>\n<\/tbody>\n<\/table>\n<p>&nbsp;<\/p>\n","protected":false},"excerpt":{"rendered":"<p>Desde este viernes arranca la celebraci\u00f3n del Carnaval en todo el pa\u00eds, incluyendo el Festival Carnaval\u00edstico de la ciudad capital que se realizar\u00e1 en la Cinta Costera. Se espera que en horas de la tarde-noche comience el acostumbrado \u00e9xodo de temporadistas hacia el interior del pa\u00eds para disfrutar de estas fiestas en Penonom\u00e9, Chitr\u00e9, Las [&hellip;]<\/p>\n","protected":false},"author":1,"featured_media":70647,"comment_status":"closed","ping_status":"open","sticky":false,"template":"","format":"standard","meta":{"_acf_changed":false,"footnotes":""},"categories":[47,17],"tags":[5886,5887,1879,1743,3823,245],"class_list":["post-70643","post","type-post","status-publish","format-standard","has-post-thumbnail","hentry","category-gente-y-estilo","category-nacionales","tag-festivalcarnavalistico","tag-retorno","tag-carnaval","tag-celebracion","tag-exodo","tag-seguridad"],"acf":[],"_links":{"self":[{"href":"https:\/\/tucomunidad.com.pa\/index.php?rest_route=\/wp\/v2\/posts\/70643","targetHints":{"allow":["GET"]}}],"collection":[{"href":"https:\/\/tucomunidad.com.pa\/index.php?rest_route=\/wp\/v2\/posts"}],"about":[{"href":"https:\/\/tucomunidad.com.pa\/index.php?rest_route=\/wp\/v2\/types\/post"}],"author":[{"embeddable":true,"href":"https:\/\/tucomunidad.com.pa\/index.php?rest_route=\/wp\/v2\/users\/1"}],"replies":[{"embeddable":true,"href":"https:\/\/tucomunidad.com.pa\/index.php?rest_route=%2Fwp%2Fv2%2Fcomments&post=70643"}],"version-history":[{"count":1,"href":"https:\/\/tucomunidad.com.pa\/index.php?rest_route=\/wp\/v2\/posts\/70643\/revisions"}],"predecessor-version":[{"id":70646,"href":"https:\/\/tucomunidad.com.pa\/index.php?rest_route=\/wp\/v2\/posts\/70643\/revisions\/70646"}],"wp:featuredmedia":[{"embeddable":true,"href":"https:\/\/tucomunidad.com.pa\/index.php?rest_route=\/wp\/v2\/media\/70647"}],"wp:attachment":[{"href":"https:\/\/tucomunidad.com.pa\/index.php?rest_route=%2Fwp%2Fv2%2Fmedia&parent=70643"}],"wp:term":[{"taxonomy":"category","embeddable":true,"href":"https:\/\/tucomunidad.com.pa\/index.php?rest_route=%2Fwp%2Fv2%2Fcategories&post=70643"},{"taxonomy":"post_tag","embeddable":true,"href":"https:\/\/tucomunidad.com.pa\/index.php?rest_route=%2Fwp%2Fv2%2Ftags&post=70643"}],"curies":[{"name":"wp","href":"https:\/\/api.w.org\/{rel}","templated":true}]}}