{"id":70078,"date":"2024-09-01T22:15:25","date_gmt":"2024-09-02T03:15:25","guid":{"rendered":"https:\/\/tucomunidad.com.pa\/hospital-santo-tomas-cumple-100-anos\/"},"modified":"2025-08-07T05:02:13","modified_gmt":"2025-08-07T10:02:13","slug":"hospital-santo-tomas-cumple-100-anos","status":"publish","type":"post","link":"https:\/\/tucomunidad.com.pa\/?p=70078","title":{"rendered":"Hospital Santo Tom\u00e1s cumple 100 a\u00f1os"},"content":{"rendered":"<p>Hoy 1 de septiembre se cumple un siglo de uno de los hitos m\u00e1s importantes en materia de salud p\u00fablica en Panam\u00e1. Un 1 de septiembre de 1924 el Presidente Belisario Porras inaugur\u00f3 lo que es actualmente la sede del Hospital Santo Tom\u00e1s, dando paso al centro de atenci\u00f3n m\u00e9dica m\u00e1s grande de la \u00e9poca, creado con una visi\u00f3n futurista que anticipaba el volumen de pacientes que tendr\u00eda Panam\u00e1 en apenas unos a\u00f1os.<\/p>\n<p>Aunque el origen del hospital Santo Tom\u00e1s se remonta al a\u00f1o 1703, su influencia determinante en el pa\u00eds ocurri\u00f3 hace 100 a\u00f1os con la inauguraci\u00f3n de esta gran sede en la avenida Balboa.<a href=\"https:\/\/tucomunidad.com.pa\/wp-content\/uploads\/2025\/08\/HOSPITAL-2.jpg\"><img fetchpriority=\"high\" decoding=\"async\" class=\"alignnone size-full wp-image-27199\" src=\"https:\/\/tucomunidad.com.pa\/wp-content\/uploads\/2025\/08\/HOSPITAL-2.jpg\" alt=\"\" width=\"720\" height=\"416\" \/><\/a><\/p>\n<p>La oposici\u00f3n pol\u00edtica del Presidente Porras critic\u00f3 el proyecto en esa \u00e9poca, llam\u00e1ndolo \u201cEl elefante blanco\u201d, pues para ellos\u00a0era muy grande para un pa\u00eds tan peque\u00f1o.\u00a0En muy poco tiempo, el Hospital Santo Tom\u00e1s se qued\u00f3 chico ante el crecimiento acelerado que tuvo la poblaci\u00f3n,<\/p>\n<p>Actualmente, este hospital cuenta con m\u00e1s de 700 camas de internacional, unos 3000 mil colaboradores y m\u00e1s de 20 especialidades m\u00e9dicas y servicios disponibles para la poblaci\u00f3n paname\u00f1a.<\/p>\n<p>Muchas actividades han sido organizadas para celebrar el mes Centenario del hospital Santo Tom\u00e1s. El ministro de Salud, Fernando Boyd Galindo, particip\u00f3 en los actos conmemorativos y reafirm\u00f3 su compromiso de mantener esta hist\u00f3rica instalaci\u00f3n a la vanguardia. <a href=\"https:\/\/tucomunidad.com.pa\/wp-content\/uploads\/2025\/08\/HospitalSantoTomas_ML178871_MG103263280.jpg\"><img decoding=\"async\" class=\"alignnone size-full wp-image-27200\" src=\"https:\/\/tucomunidad.com.pa\/wp-content\/uploads\/2025\/08\/HospitalSantoTomas_ML178871_MG103263280.jpg\" alt=\"\" width=\"600\" height=\"338\" \/><\/a><\/p>\n<p>&nbsp;<\/p>\n","protected":false},"excerpt":{"rendered":"<p>Hoy 1 de septiembre se cumple un siglo de uno de los hitos m\u00e1s importantes en materia de salud p\u00fablica en Panam\u00e1. Un 1 de septiembre de 1924 el Presidente Belisario Porras inaugur\u00f3 lo que es actualmente la sede del Hospital Santo Tom\u00e1s, dando paso al centro de atenci\u00f3n m\u00e9dica m\u00e1s grande de la \u00e9poca, [&hellip;]<\/p>\n","protected":false},"author":1,"featured_media":70082,"comment_status":"closed","ping_status":"open","sticky":false,"template":"","format":"standard","meta":{"_acf_changed":false,"footnotes":""},"categories":[4423,4398],"tags":[5731,2457,5732,1123],"class_list":["post-70078","post","type-post","status-publish","format-standard","has-post-thumbnail","hentry","category-ciudad","category-featured","tag-100anos","tag-historia","tag-hospitalsantotomas","tag-aniversario"],"acf":[],"_links":{"self":[{"href":"https:\/\/tucomunidad.com.pa\/index.php?rest_route=\/wp\/v2\/posts\/70078","targetHints":{"allow":["GET"]}}],"collection":[{"href":"https:\/\/tucomunidad.com.pa\/index.php?rest_route=\/wp\/v2\/posts"}],"about":[{"href":"https:\/\/tucomunidad.com.pa\/index.php?rest_route=\/wp\/v2\/types\/post"}],"author":[{"embeddable":true,"href":"https:\/\/tucomunidad.com.pa\/index.php?rest_route=\/wp\/v2\/users\/1"}],"replies":[{"embeddable":true,"href":"https:\/\/tucomunidad.com.pa\/index.php?rest_route=%2Fwp%2Fv2%2Fcomments&post=70078"}],"version-history":[{"count":1,"href":"https:\/\/tucomunidad.com.pa\/index.php?rest_route=\/wp\/v2\/posts\/70078\/revisions"}],"predecessor-version":[{"id":70081,"href":"https:\/\/tucomunidad.com.pa\/index.php?rest_route=\/wp\/v2\/posts\/70078\/revisions\/70081"}],"wp:featuredmedia":[{"embeddable":true,"href":"https:\/\/tucomunidad.com.pa\/index.php?rest_route=\/wp\/v2\/media\/70082"}],"wp:attachment":[{"href":"https:\/\/tucomunidad.com.pa\/index.php?rest_route=%2Fwp%2Fv2%2Fmedia&parent=70078"}],"wp:term":[{"taxonomy":"category","embeddable":true,"href":"https:\/\/tucomunidad.com.pa\/index.php?rest_route=%2Fwp%2Fv2%2Fcategories&post=70078"},{"taxonomy":"post_tag","embeddable":true,"href":"https:\/\/tucomunidad.com.pa\/index.php?rest_route=%2Fwp%2Fv2%2Ftags&post=70078"}],"curies":[{"name":"wp","href":"https:\/\/api.w.org\/{rel}","templated":true}]}}