{"id":69703,"date":"2024-06-22T12:00:59","date_gmt":"2024-06-22T17:00:59","guid":{"rendered":"https:\/\/tucomunidad.com.pa\/hace-198-anos-panama-albergo-la-esperanza-de-la-union-iberoamericana\/"},"modified":"2025-08-07T04:56:02","modified_gmt":"2025-08-07T09:56:02","slug":"hace-198-anos-panama-albergo-la-esperanza-de-la-union-iberoamericana","status":"publish","type":"post","link":"https:\/\/tucomunidad.com.pa\/?p=69703","title":{"rendered":"Hace 198 a\u00f1os Panam\u00e1 alberg\u00f3 la esperanza de la uni\u00f3n iberoamericana"},"content":{"rendered":"<p class=\"Default\" style=\"text-align: justify; margin: 5.0pt 0cm 5.0pt 0cm;\"><span style=\"font-size: 11.5pt;\">En el momento cumbre de las revoluciones independentistas hispanoamericanas, cuando Sim\u00f3n Bol\u00edvar y el mariscal Antonio Jos\u00e9 de Sucre acababan de liberar al Alto Per\u00fa, hoy Bolivia, \u00faltimo basti\u00f3n del realismo espa\u00f1ol en el continente, se pod\u00eda decir que toda la Am\u00e9rica hispana era finalmente libre, luego de d\u00e9cadas de sangrientas guerras contra el poder colonial.<\/span><\/p>\n<p class=\"Default\" style=\"text-align: justify; margin: 5.0pt 0cm 5.0pt 0cm;\"><span style=\"font-size: 11.5pt;\">A partir de all\u00ed, El Lib<\/span><span style=\"font-size: 11.5pt;\">ertador se\u00f1ala el camino hacia la consolidaci\u00f3n de la verdadera unidad latinoamericana en el que Panam\u00e1 jugar\u00eda un papel preponderante. Ide\u00f3 Bol\u00edvar la estrategia de convocar una reuni\u00f3n de alto nivel donde participaran representantes de los reci\u00e9n establecidos gobiernos de los pueblos iberoamericanos, desde M\u00e9xico hasta Chile y Argentina. <\/span><\/p>\n<p class=\"Default\" style=\"text-align: justify; margin: 5.0pt 0cm 5.0pt 0cm;\"><span style=\"font-size: 11.5pt;\">Parec\u00eda llegado el momento de consolidar y cimentar sobre bases firmes la decena<a href=\"https:\/\/tucomunidad.com.pa\/wp-content\/uploads\/2025\/08\/CDP.jpg\"><img fetchpriority=\"high\" decoding=\"async\" class=\" wp-image-26753 alignright\" src=\"https:\/\/tucomunidad.com.pa\/wp-content\/uploads\/2025\/08\/CDP.jpg\" alt=\"\" width=\"303\" height=\"189\" \/><\/a> de j\u00f3venes rep\u00fablicas que acababan de nacer. Era la hora de construir y dejar atr\u00e1s la fase destructiva que toda revoluci\u00f3n conlleva. Hab\u00eda que unirse y reforzarse, pues los peligros acechaban a los inexpertos estados: la anarqu\u00eda interior, la posibilidad de invasiones de reconquista por parte de Fernando VII apoyado por la Santa Alianza europea, la voracidad comercial del imperio brit\u00e1nico y de los ya temibles Estados Unidos.<\/span><\/p>\n<p class=\"Default\" style=\"text-align: justify; margin: 5.0pt 0cm 5.0pt 0cm;\"><span style=\"font-size: 11.5pt;\">As\u00ed convoc\u00f3 Sim\u00f3n Bol\u00edvar un 22 de junio de 1826, hace 198 a\u00f1os, el gran Congreso Anficti\u00f3nico realizado en Panam\u00e1, donde se trazar\u00edan los lineamientos de una nueva confederaci\u00f3n que unir\u00eda a la Gran Colombia con la Federaci\u00f3n Centroamericana y las naciones del Sur. <\/span><\/p>\n<p class=\"Default\" style=\"text-align: justify; margin: 5.0pt 0cm 5.0pt 0cm;\"><span style=\"font-size: 11.5pt;\">A la par de ser el gran sue\u00f1o de unidad promulgado por Bol\u00edvar, el Congreso Anficti\u00f3nico de Panam\u00e1 fue el comienzo de su fracaso. Esta magna asamblea donde se deb\u00eda fundamentar una gran naci\u00f3n que, por extensi\u00f3n, poblaci\u00f3n y riquezas naturales jugar\u00eda un papel de primer orden el mundo, puso al descubierto todas nuestras debilidades. <\/span><\/p>\n<p class=\"Default\" style=\"text-align: justify; margin: 5.0pt 0cm 5.0pt 0cm;\"><span style=\"font-size: 11.5pt;\">Frente a la gran capacidad visionaria del Libertador, se opusieron los intereses miopes y mezquinos de las oligarqu\u00edas regionales, de latifundistas y comerciantes supeditados a los capitalistas extranjeros y de traidores con exacerbadas ambiciones pol\u00edticas que sabotearon la propuesta de unidad latinoamericana. <\/span><\/p>\n<p class=\"Default\" style=\"text-align: justify; margin: 5.0pt 0cm 5.0pt 0cm;\"><span style=\"font-size: 11.5pt;\">\u00a0<\/span><\/p>\n<p class=\"Default\" style=\"text-align: justify; margin: 5.0pt 0cm 5.0pt 0cm;\"><b><span style=\"font-size: 11.5pt;\">\u00bfPanam\u00e1 el lugar ideal?<\/span><\/b><\/p>\n<p class=\"Default\" style=\"text-align: justify; margin: 5.0pt 0cm 5.0pt 0cm;\"><b><span style=\"font-size: 11.5pt;\">\u00a0<\/span><\/b><\/p>\n<figure id=\"attachment_26755\" aria-describedby=\"caption-attachment-26755\" style=\"width: 640px\" class=\"wp-caption alignnone\"><a href=\"https:\/\/tucomunidad.com.pa\/wp-content\/uploads\/2025\/08\/SANFRANASIS.jpg\"><img decoding=\"async\" class=\"wp-image-26755 size-large\" src=\"https:\/\/tucomunidad.com.pa\/wp-content\/uploads\/2025\/08\/SANFRANASIS-1024x576.jpg\" alt=\"\" width=\"640\" height=\"360\" \/><\/a><figcaption id=\"caption-attachment-26755\" class=\"wp-caption-text\">La iglesia San Francisco de As\u00eds fue el lugar donde los delegados del Congreso Anficti\u00f3nico deliberaron durante 24 d\u00edas.<\/figcaption><\/figure>\n<p class=\"Default\" style=\"text-align: justify; margin: 5.0pt 0cm 5.0pt 0cm;\"><span style=\"font-size: 11.5pt;\">En su Carta de Jamaica, Bol\u00edvar escribi\u00f3: \u201c\u00a1Qu\u00e9 bello ser\u00eda que el Istmo de Panam\u00e1 fuese para nosotros lo que el de Corinto para los griegos! Ojal\u00e1 que alg\u00fan d\u00eda tengamos la fortuna de instalar all\u00ed un augusto congreso de los representantes de las rep\u00fablicas, reinos e imperios a tratar y discutir sobre los altos intereses de la paz y de la guerra, con las naciones de las otras partes del mundo. Esta especie de corporaci\u00f3n podr\u00e1 tener lugar en alguna \u00e9poca dichosa de nuestra regeneraci\u00f3n; otra esperanza es infundada, semejante a la del abate de St. Pierre, que concibi\u00f3 el laudable delirio de reunir un congreso europeo para decidir de la suerte y de los intereses de aquellas naciones\u201d.<\/span><\/p>\n<p class=\"Default\" style=\"text-align: justify; margin: 5.0pt 0cm 5.0pt 0cm;\"><span style=\"font-size: 11.5pt;\">Cuando se discut\u00eda sobre la elecci\u00f3n del sitio para realizar el Congreso<a href=\"https:\/\/tucomunidad.com.pa\/wp-content\/uploads\/2025\/08\/descarga-2.jpg\"><img decoding=\"async\" class=\" wp-image-26757 alignright\" src=\"https:\/\/tucomunidad.com.pa\/wp-content\/uploads\/2025\/08\/descarga-2.jpg\" alt=\"\" width=\"253\" height=\"262\" \/><\/a> Anficti\u00f3nico, Bol\u00edvar lo sustenta en los siguientes t\u00e9rminos: \u201cParece que si el mundo hubiese de elegir su capital, el Istmo de Panam\u00e1 ser\u00eda se\u00f1alado para este augusto destino, colocado, como est\u00e1, en el centro del globo, viendo por una parte el Asia, y por la otra el \u00c1frica y la Europa. El Istmo de Panam\u00e1 ha sido ofrecido por el gobierno de Colombia, para este fin, en los tratados existentes. El Istmo est\u00e1 a igual distancia de las extremidades; y, por esta causa podr\u00eda ser el lugar provisorio de la primera asamblea de confederados\u201d.<\/span><\/p>\n<p class=\"Default\" style=\"text-align: justify; margin: 5.0pt 0cm 5.0pt 0cm;\"><span style=\"font-size: 11.5pt;\">A pesar del af\u00e1n y los argumentos de Bol\u00edvar, en esos tiempos Panam\u00e1 no pose\u00eda las condiciones sanitarias y ambientales propicias como para representar un lugar c\u00f3modo y seguro para los asistentes, lo cual se confirm\u00f3 con la descomunal invasi\u00f3n de mosquitos que atacar\u00edan sin piedad a los delegados, produciendo en su s\u00e9quito m\u00e1s de una muerte por malaria y fiebre amarilla, las deliberaciones se hicieron aunque la situaci\u00f3n los llev\u00f3 a apresurar los debates, tomar decisiones superficiales y reconvocarse para o volver a verse en otro lugar m\u00e1s benigno.<\/span><\/p>\n","protected":false},"excerpt":{"rendered":"<p>En el momento cumbre de las revoluciones independentistas hispanoamericanas, cuando Sim\u00f3n Bol\u00edvar y el mariscal Antonio Jos\u00e9 de Sucre acababan de liberar al Alto Per\u00fa, hoy Bolivia, \u00faltimo basti\u00f3n del realismo espa\u00f1ol en el continente, se pod\u00eda decir que toda la Am\u00e9rica hispana era finalmente libre, luego de d\u00e9cadas de sangrientas guerras contra el poder [&hellip;]<\/p>\n","protected":false},"author":1,"featured_media":69708,"comment_status":"closed","ping_status":"open","sticky":false,"template":"","format":"standard","meta":{"_acf_changed":false,"footnotes":""},"categories":[4398,18],"tags":[5587,5588,2457,5589,1123,169,1046,45],"class_list":["post-69703","post","type-post","status-publish","format-standard","has-post-thumbnail","hentry","category-featured","category-reportajes-especiales","tag-198anos","tag-congresoanfictinonico","tag-historia","tag-simonbolivar","tag-aniversario","tag-colombia","tag-latinoamerica","tag-panama"],"acf":[],"_links":{"self":[{"href":"https:\/\/tucomunidad.com.pa\/index.php?rest_route=\/wp\/v2\/posts\/69703","targetHints":{"allow":["GET"]}}],"collection":[{"href":"https:\/\/tucomunidad.com.pa\/index.php?rest_route=\/wp\/v2\/posts"}],"about":[{"href":"https:\/\/tucomunidad.com.pa\/index.php?rest_route=\/wp\/v2\/types\/post"}],"author":[{"embeddable":true,"href":"https:\/\/tucomunidad.com.pa\/index.php?rest_route=\/wp\/v2\/users\/1"}],"replies":[{"embeddable":true,"href":"https:\/\/tucomunidad.com.pa\/index.php?rest_route=%2Fwp%2Fv2%2Fcomments&post=69703"}],"version-history":[{"count":1,"href":"https:\/\/tucomunidad.com.pa\/index.php?rest_route=\/wp\/v2\/posts\/69703\/revisions"}],"predecessor-version":[{"id":69707,"href":"https:\/\/tucomunidad.com.pa\/index.php?rest_route=\/wp\/v2\/posts\/69703\/revisions\/69707"}],"wp:featuredmedia":[{"embeddable":true,"href":"https:\/\/tucomunidad.com.pa\/index.php?rest_route=\/wp\/v2\/media\/69708"}],"wp:attachment":[{"href":"https:\/\/tucomunidad.com.pa\/index.php?rest_route=%2Fwp%2Fv2%2Fmedia&parent=69703"}],"wp:term":[{"taxonomy":"category","embeddable":true,"href":"https:\/\/tucomunidad.com.pa\/index.php?rest_route=%2Fwp%2Fv2%2Fcategories&post=69703"},{"taxonomy":"post_tag","embeddable":true,"href":"https:\/\/tucomunidad.com.pa\/index.php?rest_route=%2Fwp%2Fv2%2Ftags&post=69703"}],"curies":[{"name":"wp","href":"https:\/\/api.w.org\/{rel}","templated":true}]}}