{"id":69136,"date":"2024-01-16T22:47:03","date_gmt":"2024-01-17T03:47:03","guid":{"rendered":"https:\/\/tucomunidad.com.pa\/asep-confirma-que-altas-temperaturas-han-incidido-en-aumento-de-las-tarifas-electricas\/"},"modified":"2025-08-07T04:48:43","modified_gmt":"2025-08-07T09:48:43","slug":"asep-confirma-que-altas-temperaturas-han-incidido-en-aumento-de-las-tarifas-electricas","status":"publish","type":"post","link":"https:\/\/tucomunidad.com.pa\/?p=69136","title":{"rendered":"ASEP confirma que altas temperaturas han incidido en aumento de las tarifas el\u00e9ctricas"},"content":{"rendered":"<div dir=\"auto\">La Autoridad de los Servicios P\u00fablicos (ASEP) confirm\u00f3 la aplicaci\u00f3n de un nuevo pliego tarifario vigente desde el primero de enero de este a\u00f1o, que establece un ajuste en el costo del servicio que va desde un 1 a un 5 por ciento, dependiendo de la empresa distribuidora y el nivel de consumo del cliente.<\/div>\n<div dir=\"auto\"><\/div>\n<div dir=\"auto\">El administrador general de la ASEP,\u00a0Armando Fuentes Rodr\u00edguez, destac\u00f3 que el 74% de los clientes, en provincias como Panam\u00e1 Oeste, Cocl\u00e9, Herrera, Veraguas, Los Santos, Chiriqu\u00ed y Bocas del Toro, no experimentar\u00e1n aumento en sus tarifas el\u00e9ctricas durante los pr\u00f3ximos seis meses. \u00abSolo los clientes de ENSA con un consumo superior a 300 kWh ver\u00e1n un aumento en sus tarifas\u00bb, asegur\u00f3<a href=\"https:\/\/tucomunidad.com.pa\/wp-content\/uploads\/2025\/08\/Cuanto-cuesta-instalar-un-medidor-de-luz-en-Peru.jpg\"><img fetchpriority=\"high\" decoding=\"async\" class=\"alignnone size-full wp-image-26048\" src=\"https:\/\/tucomunidad.com.pa\/wp-content\/uploads\/2025\/08\/Cuanto-cuesta-instalar-un-medidor-de-luz-en-Peru.jpg\" alt=\"\" width=\"1000\" height=\"667\" \/><\/a><\/div>\n<div dir=\"auto\"><\/div>\n<div dir=\"auto\">Destac\u00f3 Armando Fuentes Rodr\u00edguez que las altas temperaturas registradas desde el a\u00f1o pasado en el pa\u00eds han afectado la disponibilidad de agua en embalses, rediciendo en gran medida la generaci\u00f3n proveniente de fuentes h\u00eddricas. Adicional a ello, de acuerdo con ASEP, el alto precio del gas y del combustible ha incidido much\u00edsimo en la configuraci\u00f3n tarifaria, debido a las bajas temperaturas que se registran en Estados Unidos<\/div>\n","protected":false},"excerpt":{"rendered":"<p>La Autoridad de los Servicios P\u00fablicos (ASEP) confirm\u00f3 la aplicaci\u00f3n de un nuevo pliego tarifario vigente desde el primero de enero de este a\u00f1o, que establece un ajuste en el costo del servicio que va desde un 1 a un 5 por ciento, dependiendo de la empresa distribuidora y el nivel de consumo del cliente. [&hellip;]<\/p>\n","protected":false},"author":1,"featured_media":69139,"comment_status":"closed","ping_status":"open","sticky":false,"template":"","format":"standard","meta":{"_acf_changed":false,"footnotes":""},"categories":[4423,4398,17],"tags":[5397,4002,1305,3835,831,2054,1152],"class_list":["post-69136","post","type-post","status-publish","format-standard","has-post-thumbnail","hentry","category-ciudad","category-featured","category-nacionales","tag-pliegotarifario","tag-tarifaselectricas","tag-asep","tag-aumento","tag-clima","tag-ensa","tag-sequia"],"acf":[],"_links":{"self":[{"href":"https:\/\/tucomunidad.com.pa\/index.php?rest_route=\/wp\/v2\/posts\/69136","targetHints":{"allow":["GET"]}}],"collection":[{"href":"https:\/\/tucomunidad.com.pa\/index.php?rest_route=\/wp\/v2\/posts"}],"about":[{"href":"https:\/\/tucomunidad.com.pa\/index.php?rest_route=\/wp\/v2\/types\/post"}],"author":[{"embeddable":true,"href":"https:\/\/tucomunidad.com.pa\/index.php?rest_route=\/wp\/v2\/users\/1"}],"replies":[{"embeddable":true,"href":"https:\/\/tucomunidad.com.pa\/index.php?rest_route=%2Fwp%2Fv2%2Fcomments&post=69136"}],"version-history":[{"count":1,"href":"https:\/\/tucomunidad.com.pa\/index.php?rest_route=\/wp\/v2\/posts\/69136\/revisions"}],"predecessor-version":[{"id":69138,"href":"https:\/\/tucomunidad.com.pa\/index.php?rest_route=\/wp\/v2\/posts\/69136\/revisions\/69138"}],"wp:featuredmedia":[{"embeddable":true,"href":"https:\/\/tucomunidad.com.pa\/index.php?rest_route=\/wp\/v2\/media\/69139"}],"wp:attachment":[{"href":"https:\/\/tucomunidad.com.pa\/index.php?rest_route=%2Fwp%2Fv2%2Fmedia&parent=69136"}],"wp:term":[{"taxonomy":"category","embeddable":true,"href":"https:\/\/tucomunidad.com.pa\/index.php?rest_route=%2Fwp%2Fv2%2Fcategories&post=69136"},{"taxonomy":"post_tag","embeddable":true,"href":"https:\/\/tucomunidad.com.pa\/index.php?rest_route=%2Fwp%2Fv2%2Ftags&post=69136"}],"curies":[{"name":"wp","href":"https:\/\/api.w.org\/{rel}","templated":true}]}}