{"id":68422,"date":"2023-02-23T11:00:35","date_gmt":"2023-02-23T16:00:35","guid":{"rendered":"https:\/\/tucomunidad.com.pa\/trabajadores-de-minera-panama-protestan-hoy-frente-a-la-presidencia\/"},"modified":"2025-08-07T04:39:49","modified_gmt":"2025-08-07T09:39:49","slug":"trabajadores-de-minera-panama-protestan-hoy-frente-a-la-presidencia","status":"publish","type":"post","link":"https:\/\/tucomunidad.com.pa\/?p=68422","title":{"rendered":"Trabajadores de Minera Panam\u00e1 protestan hoy frente a la Presidencia"},"content":{"rendered":"<p>Tras el anuncio de Minera Panam\u00e1 de suspender definitivamente las operaciones de procesamiento del mineral en la mina, los trabajadores realizar\u00e1n una protesta la ma\u00f1ana este jueves frente a la sede de la Presidencia de la Rep\u00fablica para exigir una repuesta que les permita conservar sus puestos de trabajo.<\/p>\n<p>La suspensi\u00f3n de operaciones de procesamiento se debe a la restricci\u00f3n que existe para cargar concentrado de cobre en el puerto de la mina y a la falta de espacio para el almacenaje del mineral, situaci\u00f3n que obliga a la empresa suspender las labores de procesamiento.<\/p>\n<p>Debido a esta decisi\u00f3n, los trabajadores del \u00e1rea tienen el temor de quedar cesantes y debido a eso exigen una respuesta del gobierno que les brinde una soluci\u00f3n.<a href=\"https:\/\/tucomunidad.com.pa\/wp-content\/uploads\/2025\/08\/Explotacion-minera-en-Panama.jpg\"><img fetchpriority=\"high\" decoding=\"async\" class=\"alignnone size-full wp-image-24942\" src=\"https:\/\/tucomunidad.com.pa\/wp-content\/uploads\/2025\/08\/Explotacion-minera-en-Panama.jpg\" alt=\"\" width=\"750\" height=\"501\" \/><\/a><\/p>\n<p>Minera Panam\u00e1 y el Gobierno de Panam\u00e1 mantienen negociaciones para firmar un nuevo contrato de concesi\u00f3n para la explotaci\u00f3n y procesamiento de mineral de cobre, tota vez que el anterior fue declarado ilegal por la Corte Suprema de Justicia.<\/p>\n<p>Las consecuencias de esta situaci\u00f3n afectan directamente el estado de la mina, la estabilidad de los trabajadores y la econom\u00eda nacional, no obstante las conversaciones para la firma del contrato de concesi\u00f3n contin\u00faan.<\/p>\n","protected":false},"excerpt":{"rendered":"<p>Tras el anuncio de Minera Panam\u00e1 de suspender definitivamente las operaciones de procesamiento del mineral en la mina, los trabajadores realizar\u00e1n una protesta la ma\u00f1ana este jueves frente a la sede de la Presidencia de la Rep\u00fablica para exigir una repuesta que les permita conservar sus puestos de trabajo. La suspensi\u00f3n de operaciones de procesamiento [&hellip;]<\/p>\n","protected":false},"author":1,"featured_media":68425,"comment_status":"closed","ping_status":"open","sticky":false,"template":"","format":"standard","meta":{"_acf_changed":false,"footnotes":""},"categories":[4398,17],"tags":[5162,5163,5164,4182,5165,444],"class_list":["post-68422","post","type-post","status-publish","format-standard","has-post-thumbnail","hentry","category-featured","category-nacionales","tag-contrato","tag-minerapanama","tag-operaciones","tag-presidencia","tag-sindicatos","tag-protesta"],"acf":[],"_links":{"self":[{"href":"https:\/\/tucomunidad.com.pa\/index.php?rest_route=\/wp\/v2\/posts\/68422","targetHints":{"allow":["GET"]}}],"collection":[{"href":"https:\/\/tucomunidad.com.pa\/index.php?rest_route=\/wp\/v2\/posts"}],"about":[{"href":"https:\/\/tucomunidad.com.pa\/index.php?rest_route=\/wp\/v2\/types\/post"}],"author":[{"embeddable":true,"href":"https:\/\/tucomunidad.com.pa\/index.php?rest_route=\/wp\/v2\/users\/1"}],"replies":[{"embeddable":true,"href":"https:\/\/tucomunidad.com.pa\/index.php?rest_route=%2Fwp%2Fv2%2Fcomments&post=68422"}],"version-history":[{"count":1,"href":"https:\/\/tucomunidad.com.pa\/index.php?rest_route=\/wp\/v2\/posts\/68422\/revisions"}],"predecessor-version":[{"id":68424,"href":"https:\/\/tucomunidad.com.pa\/index.php?rest_route=\/wp\/v2\/posts\/68422\/revisions\/68424"}],"wp:featuredmedia":[{"embeddable":true,"href":"https:\/\/tucomunidad.com.pa\/index.php?rest_route=\/wp\/v2\/media\/68425"}],"wp:attachment":[{"href":"https:\/\/tucomunidad.com.pa\/index.php?rest_route=%2Fwp%2Fv2%2Fmedia&parent=68422"}],"wp:term":[{"taxonomy":"category","embeddable":true,"href":"https:\/\/tucomunidad.com.pa\/index.php?rest_route=%2Fwp%2Fv2%2Fcategories&post=68422"},{"taxonomy":"post_tag","embeddable":true,"href":"https:\/\/tucomunidad.com.pa\/index.php?rest_route=%2Fwp%2Fv2%2Ftags&post=68422"}],"curies":[{"name":"wp","href":"https:\/\/api.w.org\/{rel}","templated":true}]}}