{"id":67927,"date":"2022-07-09T17:06:07","date_gmt":"2022-07-09T22:06:07","guid":{"rendered":"https:\/\/tucomunidad.com.pa\/panama-podria-estar-a-las-puertas-de-un-estallido-social\/"},"modified":"2025-08-07T04:32:57","modified_gmt":"2025-08-07T09:32:57","slug":"panama-podria-estar-a-las-puertas-de-un-estallido-social","status":"publish","type":"post","link":"https:\/\/tucomunidad.com.pa\/?p=67927","title":{"rendered":"Panam\u00e1 podr\u00eda estar a las puertas de un estallido social"},"content":{"rendered":"<p>Algunos analistas pol\u00edticos y otras personas del com\u00fan coinciden en que la ola de protestas que se han desarrollado en el pa\u00eds, impulsadas por los gremios del sector educativo, transporte y el sindicato de la construcci\u00f3n, podr\u00eda desencadenar un estallido social de alcance considerable.<\/p>\n<p>El punto m\u00e1s \u00e1lgido de la situaci\u00f3n es que a m\u00e1s de 5 d\u00edas de jornadas de calle, las respuestas del gobierno han sido tibias y sin mayores salidas para las demandas de la poblaci\u00f3n. Es una verdadera bomba de tiempo. <a href=\"https:\/\/tucomunidad.com.pa\/wp-content\/uploads\/2025\/08\/IMG-2570.jpg\"><img fetchpriority=\"high\" decoding=\"async\" class=\"alignnone size-full wp-image-24125\" src=\"https:\/\/tucomunidad.com.pa\/wp-content\/uploads\/2025\/08\/IMG-2570.jpg\" alt=\"\" width=\"863\" height=\"486\" \/><\/a><\/p>\n<p>Este viernes los dirigentes del gremio de educadores se levantaron de la mesa de di\u00e1logo al considerar que sus propuestas no estaban siendo bien consideradas por los negociadores del Ejecutivo, esta situaci\u00f3n calde\u00f3 a\u00fan m\u00e1s los \u00e1nimos.<\/p>\n<p>En la mayor\u00eda de los pa\u00edses latinoamericanos el precio de la gasolina ha sido siempre un tema vol\u00e1til y muy explosivo. Panam\u00e1 no es la excepci\u00f3n en este caso.<\/p>\n<p><a href=\"https:\/\/tucomunidad.com.pa\/wp-content\/uploads\/2025\/08\/IMG-2572.jpg\"><img decoding=\"async\" class=\" wp-image-24126 alignleft\" src=\"https:\/\/tucomunidad.com.pa\/wp-content\/uploads\/2025\/08\/IMG-2572.jpg\" alt=\"\" width=\"353\" height=\"441\" \/><\/a>Jos\u00e9 Eugenio Stoute, analista pol\u00edtico paname\u00f1o, dijo durante una entrevista realizada por el canal de televisi\u00f3n nacional TVN, que los gremios declarados en conflicto han hecho propuestas claras y precisas, sin embargo es el Gobierno el que no ha dado respuestas.<\/p>\n<p>Para Stoute, es absolutamente imprescindible que el Gobierno atienda la voz del pueblo y busque salidas equilibradas.<\/p>\n<p>Pol\u00edticas de subsidio a la gasolina, eliminaci\u00f3n de impuestos, control a los precios de los medicamentos, entre otras medidas podr\u00edan frenar la crisis social que se pronostica.<\/p>\n","protected":false},"excerpt":{"rendered":"<p>Algunos analistas pol\u00edticos y otras personas del com\u00fan coinciden en que la ola de protestas que se han desarrollado en el pa\u00eds, impulsadas por los gremios del sector educativo, transporte y el sindicato de la construcci\u00f3n, podr\u00eda desencadenar un estallido social de alcance considerable. El punto m\u00e1s \u00e1lgido de la situaci\u00f3n es que a m\u00e1s [&hellip;]<\/p>\n","protected":false},"author":1,"featured_media":67931,"comment_status":"closed","ping_status":"open","sticky":false,"template":"","format":"standard","meta":{"_acf_changed":false,"footnotes":""},"categories":[4398,17],"tags":[4774,5067,5068,44,1295,1659],"class_list":["post-67927","post","type-post","status-publish","format-standard","has-post-thumbnail","hentry","category-featured","category-nacionales","tag-gobierno","tag-gremioseducativos","tag-medicinas","tag-construccion","tag-gasolina","tag-protestas"],"acf":[],"_links":{"self":[{"href":"https:\/\/tucomunidad.com.pa\/index.php?rest_route=\/wp\/v2\/posts\/67927","targetHints":{"allow":["GET"]}}],"collection":[{"href":"https:\/\/tucomunidad.com.pa\/index.php?rest_route=\/wp\/v2\/posts"}],"about":[{"href":"https:\/\/tucomunidad.com.pa\/index.php?rest_route=\/wp\/v2\/types\/post"}],"author":[{"embeddable":true,"href":"https:\/\/tucomunidad.com.pa\/index.php?rest_route=\/wp\/v2\/users\/1"}],"replies":[{"embeddable":true,"href":"https:\/\/tucomunidad.com.pa\/index.php?rest_route=%2Fwp%2Fv2%2Fcomments&post=67927"}],"version-history":[{"count":1,"href":"https:\/\/tucomunidad.com.pa\/index.php?rest_route=\/wp\/v2\/posts\/67927\/revisions"}],"predecessor-version":[{"id":67930,"href":"https:\/\/tucomunidad.com.pa\/index.php?rest_route=\/wp\/v2\/posts\/67927\/revisions\/67930"}],"wp:featuredmedia":[{"embeddable":true,"href":"https:\/\/tucomunidad.com.pa\/index.php?rest_route=\/wp\/v2\/media\/67931"}],"wp:attachment":[{"href":"https:\/\/tucomunidad.com.pa\/index.php?rest_route=%2Fwp%2Fv2%2Fmedia&parent=67927"}],"wp:term":[{"taxonomy":"category","embeddable":true,"href":"https:\/\/tucomunidad.com.pa\/index.php?rest_route=%2Fwp%2Fv2%2Fcategories&post=67927"},{"taxonomy":"post_tag","embeddable":true,"href":"https:\/\/tucomunidad.com.pa\/index.php?rest_route=%2Fwp%2Fv2%2Ftags&post=67927"}],"curies":[{"name":"wp","href":"https:\/\/api.w.org\/{rel}","templated":true}]}}