{"id":67154,"date":"2021-04-29T22:38:12","date_gmt":"2021-04-30T03:38:12","guid":{"rendered":"https:\/\/tucomunidad.com.pa\/empresarios-insisten-en-la-reforma-constitucional\/"},"modified":"2025-08-07T04:23:14","modified_gmt":"2025-08-07T09:23:14","slug":"empresarios-insisten-en-la-reforma-constitucional","status":"publish","type":"post","link":"https:\/\/tucomunidad.com.pa\/?p=67154","title":{"rendered":"Empresarios insisten en la reforma constitucional"},"content":{"rendered":"<p>Durante la toma de posesi\u00f3n de la nueva junta directiva de la C\u00e1mara de Comercio Industria y Agricultura de Panam\u00e1, CCIAP, su nuevo presidente reiter\u00f3 la necesidad de asumir una reforma constitucional que permita modernizar el maro legal que rigen a los tres \u00f3rganos del Estado.<\/p>\n<p>Jos\u00e9 Ram\u00f3n Icaza Cl\u00e9ment, en su discurso como nuevo presidente del gremio empresarial, dijo que era necesario acometer esta reforma independientemente de los canales que se definan para hacerlo; ello permitir\u00eda abrir los procesos para solventar la dif\u00edcil situaci\u00f3n social, sanitaria, educativa y econ\u00f3mica que vive el pa\u00eds.<a href=\"https:\/\/tucomunidad.com.pa\/wp-content\/uploads\/2025\/08\/CCIAP-DOS.jpg\"><img fetchpriority=\"high\" decoding=\"async\" class=\"size-full wp-image-22901 aligncenter\" src=\"https:\/\/tucomunidad.com.pa\/wp-content\/uploads\/2025\/08\/CCIAP-DOS.jpg\" alt=\"\" width=\"915\" height=\"427\" \/><\/a><\/p>\n<p>Icaza tambi\u00e9n se refiri\u00f3 a temas medulares en la agenda social y pol\u00edtica del pa\u00eds: \u201cas\u00ed como Panam\u00e1 no puede esperar m\u00e1s por una transformaci\u00f3n de su sistema educativo, tampoco dispone de tiempo para encontrar una soluci\u00f3n real a los graves problemas financieros que enfrenta la Caja del Seguro Social\u201d, dijo el l\u00edder empresarial.<\/p>\n<p>La CCIAP viene planteando en los \u00faltimos d\u00edas la necesidad de buscar una salida al tema de la reforma constitucional, en ese contexto, Jean-Pierre Leignadier, presidente saliente, hab\u00eda expresado que \u201cen medio de un panorama pol\u00edtico preocupante e incierto, la CCIAP insiste en la necesidad de reformar la Constituci\u00f3n\u201d, y subray\u00f3 que, independientemente del m\u00e9todo por el que se llevasen adelante estas reformas, la C\u00e1mara estar\u00eda dispuesta a hacer los aportes que fuesen necesarios para ayudar a fortalecer \u201cla d\u00e9bil institucionalidad del pa\u00eds\u201d.<\/p>\n<p>Icaza Cl\u00e9ment, en presencia del Presidente de la Rep\u00fablica, Laurentino Cortizo, dijo que era urgente retomar el proyecto Agenda Pa\u00eds 2019-2024 para estructurar una educaci\u00f3n de calidad, revisar y plantear soluciones en materia de seguridad social y salud\u201d.<\/p>\n","protected":false},"excerpt":{"rendered":"<p>Durante la toma de posesi\u00f3n de la nueva junta directiva de la C\u00e1mara de Comercio Industria y Agricultura de Panam\u00e1, CCIAP, su nuevo presidente reiter\u00f3 la necesidad de asumir una reforma constitucional que permita modernizar el maro legal que rigen a los tres \u00f3rganos del Estado. Jos\u00e9 Ram\u00f3n Icaza Cl\u00e9ment, en su discurso como nuevo [&hellip;]<\/p>\n","protected":false},"author":1,"featured_media":67157,"comment_status":"closed","ping_status":"open","sticky":false,"template":"","format":"standard","meta":{"_acf_changed":false,"footnotes":""},"categories":[4398,21],"tags":[4844,4845,4774,4846,4847,1308,1382,62,2945,102],"class_list":["post-67154","post","type-post","status-publish","format-standard","has-post-thumbnail","hentry","category-featured","category-empresarial","tag-constitucion","tag-css","tag-gobierno","tag-reformaconstitucional","tag-sectorprivado","tag-cciap","tag-economia","tag-educacion","tag-empresarios","tag-salud"],"acf":[],"_links":{"self":[{"href":"https:\/\/tucomunidad.com.pa\/index.php?rest_route=\/wp\/v2\/posts\/67154","targetHints":{"allow":["GET"]}}],"collection":[{"href":"https:\/\/tucomunidad.com.pa\/index.php?rest_route=\/wp\/v2\/posts"}],"about":[{"href":"https:\/\/tucomunidad.com.pa\/index.php?rest_route=\/wp\/v2\/types\/post"}],"author":[{"embeddable":true,"href":"https:\/\/tucomunidad.com.pa\/index.php?rest_route=\/wp\/v2\/users\/1"}],"replies":[{"embeddable":true,"href":"https:\/\/tucomunidad.com.pa\/index.php?rest_route=%2Fwp%2Fv2%2Fcomments&post=67154"}],"version-history":[{"count":1,"href":"https:\/\/tucomunidad.com.pa\/index.php?rest_route=\/wp\/v2\/posts\/67154\/revisions"}],"predecessor-version":[{"id":67156,"href":"https:\/\/tucomunidad.com.pa\/index.php?rest_route=\/wp\/v2\/posts\/67154\/revisions\/67156"}],"wp:featuredmedia":[{"embeddable":true,"href":"https:\/\/tucomunidad.com.pa\/index.php?rest_route=\/wp\/v2\/media\/67157"}],"wp:attachment":[{"href":"https:\/\/tucomunidad.com.pa\/index.php?rest_route=%2Fwp%2Fv2%2Fmedia&parent=67154"}],"wp:term":[{"taxonomy":"category","embeddable":true,"href":"https:\/\/tucomunidad.com.pa\/index.php?rest_route=%2Fwp%2Fv2%2Fcategories&post=67154"},{"taxonomy":"post_tag","embeddable":true,"href":"https:\/\/tucomunidad.com.pa\/index.php?rest_route=%2Fwp%2Fv2%2Ftags&post=67154"}],"curies":[{"name":"wp","href":"https:\/\/api.w.org\/{rel}","templated":true}]}}