{"id":66207,"date":"2020-04-25T14:52:47","date_gmt":"2020-04-25T19:52:47","guid":{"rendered":"https:\/\/tucomunidad.com.pa\/el-uso-de-mascarillas-es-altamente-recomendado-pero-en-panama-aun-no-es-obligatorio\/"},"modified":"2025-08-07T04:07:53","modified_gmt":"2025-08-07T09:07:53","slug":"el-uso-de-mascarillas-es-altamente-recomendado-pero-en-panama-aun-no-es-obligatorio","status":"publish","type":"post","link":"https:\/\/tucomunidad.com.pa\/?p=66207","title":{"rendered":"El uso de mascarillas es altamente recomendado pero en Panam\u00e1 aun no es obligatorio"},"content":{"rendered":"<p>A nivel mundial se viene recomendando el uso de mascarillas aunque se respete el distanciamiento social y se cumplan con las otras medidas de prevenci\u00f3n altamente difundidas como lavado de manos y quedarse en casa.<\/p>\n<p>En Panam\u00e1, muchos comercios ya han establecido esta acci\u00f3n como obligatoria para ingresar a sus locales; sin embargo, y aunque el Consejo Municipal de Panam\u00e1 aprob\u00f3 un acuerdo el 21 de abril de 2020 que impone sanciones que van de cien a mil d\u00f3lares de multa, a quienes no las utilicen al circular fuera de casa, el alcalde Jos\u00e9 Luis F\u00e1brega fue enf\u00e1tico al indicar que \u00e9l aun no\u00a0 lo firmar\u00e1 (Acuerdo Municipal N\u00b079).<\/p>\n<p>\u201cComo Alcalde no puedo sancionarlo por inconveniente, pues no sabemos c\u00f3mo va a hacer la poblaci\u00f3n para obtener las mascarillas que est\u00e1n escasas en el mercado nacional. Hay mucha gente sin empleo y sin ingresos\u201d. El Consejo Municipal lo aprob\u00f3, pero el Municipio de Panam\u00e1 todav\u00eda no lo ha sancionado.<\/p>\n<p><a href=\"https:\/\/tucomunidad.com.pa\/wp-content\/uploads\/2025\/08\/mascarilla-1.jpg\"><img fetchpriority=\"high\" decoding=\"async\" class=\"size-full wp-image-21450 aligncenter\" src=\"https:\/\/tucomunidad.com.pa\/wp-content\/uploads\/2025\/08\/mascarilla-1.jpg\" alt=\"\" width=\"940\" height=\"627\" \/><\/a><\/p>\n<p>Ante la alta demanda de este insumo, han surgido variadas opciones, que van desde las artesanales, fabricadas en casa, hasta las profesionales con sofisticados sistemas de protecci\u00f3n, recomendadas para el personal sanitario y que m\u00e1s se expone a situaciones de riesgo.<\/p>\n<p>\u201cTenemos ciertas aprensiones, indic\u00f3 F\u00e1brega. Asesor\u00eda Legal se encuentra revisando el documento para enviarlo con nuestras recomendaciones al presidente del Consejo, Carlos Lee, para que se aclaren algunos puntos, ya que existen ciertos vac\u00edos\u201d, explic\u00f3.<\/p>\n<p>F\u00e1brega piensa que antes de establecer las sanciones para quienes incumplan las medidas decretadas en esta cuarentena,\u00a0 se debe aclarar qui\u00e9n va a distribuir las mascarillas, ya que no se tiene la seguridad de que exista la cantidad necesaria para toda la poblaci\u00f3n.<\/p>\n<p><a href=\"https:\/\/tucomunidad.com.pa\/wp-content\/uploads\/2025\/08\/mascarilla-2.jpg\"><img decoding=\"async\" class=\"size-full wp-image-21452 aligncenter\" src=\"https:\/\/tucomunidad.com.pa\/wp-content\/uploads\/2025\/08\/mascarilla-2.jpg\" alt=\"\" width=\"478\" height=\"336\" \/><\/a><\/p>\n<p>Igualmente, manifest\u00f3 su desacuerdo con el trabajo comunitario como medida que penaliza a los infractores. \u201cEl trabajo comunitario en este momento se contradice con lo que est\u00e1 recomendando la Organizaci\u00f3n Mundial de la Salud y el Ministerio de Salud. Nos dicen \u201cqu\u00e9dese en casa\u201d, pero son ellos mismos los que exponen a las personas, est\u00e1n creando un foco de infecci\u00f3n. En la Alcald\u00eda de Panam\u00e1 eso no va\u201d, puntualiz\u00f3.<\/p>\n<p>&nbsp;<\/p>\n","protected":false},"excerpt":{"rendered":"<p>A nivel mundial se viene recomendando el uso de mascarillas aunque se respete el distanciamiento social y se cumplan con las otras medidas de prevenci\u00f3n altamente difundidas como lavado de manos y quedarse en casa. En Panam\u00e1, muchos comercios ya han establecido esta acci\u00f3n como obligatoria para ingresar a sus locales; sin embargo, y aunque [&hellip;]<\/p>\n","protected":false},"author":1,"featured_media":66114,"comment_status":"closed","ping_status":"open","sticky":false,"template":"","format":"standard","meta":{"_acf_changed":false,"footnotes":""},"categories":[4398,17,1],"tags":[359,4611,4561],"class_list":["post-66207","post","type-post","status-publish","format-standard","has-post-thumbnail","hentry","category-featured","category-nacionales","category-uncategorized","tag-alcaldia-de-panama","tag-jose-luis-fabrega","tag-mascarillas"],"acf":[],"_links":{"self":[{"href":"https:\/\/tucomunidad.com.pa\/index.php?rest_route=\/wp\/v2\/posts\/66207","targetHints":{"allow":["GET"]}}],"collection":[{"href":"https:\/\/tucomunidad.com.pa\/index.php?rest_route=\/wp\/v2\/posts"}],"about":[{"href":"https:\/\/tucomunidad.com.pa\/index.php?rest_route=\/wp\/v2\/types\/post"}],"author":[{"embeddable":true,"href":"https:\/\/tucomunidad.com.pa\/index.php?rest_route=\/wp\/v2\/users\/1"}],"replies":[{"embeddable":true,"href":"https:\/\/tucomunidad.com.pa\/index.php?rest_route=%2Fwp%2Fv2%2Fcomments&post=66207"}],"version-history":[{"count":1,"href":"https:\/\/tucomunidad.com.pa\/index.php?rest_route=\/wp\/v2\/posts\/66207\/revisions"}],"predecessor-version":[{"id":66210,"href":"https:\/\/tucomunidad.com.pa\/index.php?rest_route=\/wp\/v2\/posts\/66207\/revisions\/66210"}],"wp:featuredmedia":[{"embeddable":true,"href":"https:\/\/tucomunidad.com.pa\/index.php?rest_route=\/wp\/v2\/media\/66114"}],"wp:attachment":[{"href":"https:\/\/tucomunidad.com.pa\/index.php?rest_route=%2Fwp%2Fv2%2Fmedia&parent=66207"}],"wp:term":[{"taxonomy":"category","embeddable":true,"href":"https:\/\/tucomunidad.com.pa\/index.php?rest_route=%2Fwp%2Fv2%2Fcategories&post=66207"},{"taxonomy":"post_tag","embeddable":true,"href":"https:\/\/tucomunidad.com.pa\/index.php?rest_route=%2Fwp%2Fv2%2Ftags&post=66207"}],"curies":[{"name":"wp","href":"https:\/\/api.w.org\/{rel}","templated":true}]}}