{"id":65662,"date":"2019-11-22T12:32:38","date_gmt":"2019-11-22T17:32:38","guid":{"rendered":"https:\/\/tucomunidad.com.pa\/mas-bobs-para-la-ciudad\/"},"modified":"2025-08-07T03:57:41","modified_gmt":"2025-08-07T08:57:41","slug":"mas-bobs-para-la-ciudad","status":"publish","type":"post","link":"https:\/\/tucomunidad.com.pa\/?p=65662","title":{"rendered":"M\u00e1s BOB\u00b4s para la ciudad"},"content":{"rendered":"<p>La excelente experiencia que hemos tenido en Costa del Este con el proyecto BOB (Barrera o basura), ejecutado por la fundaci\u00f3n Marea Verde, podr\u00eda replicarse en m\u00e1s zonas de la ciudad.<\/p>\n<figure id=\"attachment_20630\" aria-describedby=\"caption-attachment-20630\" style=\"width: 640px\" class=\"wp-caption alignnone\"><a href=\"https:\/\/tucomunidad.com.pa\/wp-content\/uploads\/2025\/08\/marea3.jpg\"><img fetchpriority=\"high\" decoding=\"async\" class=\"wp-image-20630 size-large\" src=\"https:\/\/tucomunidad.com.pa\/wp-content\/uploads\/2025\/08\/marea3-1024x576.jpg\" alt=\"\" width=\"640\" height=\"360\" \/><\/a><figcaption id=\"caption-attachment-20630\" class=\"wp-caption-text\">\u00a0Representantes de Marea Verde acudieron a la Alcald\u00eda de Panam\u00e1.<\/figcaption><\/figure>\n<p>La Alcald\u00eda de Panam\u00e1 firm\u00f3 un Convenio Marco de Colaboraci\u00f3n, que establece, a trav\u00e9s del trabajo mancomunado con Marea Verde, la coordinaci\u00f3n para instalar otras barreras de contenci\u00f3n de basura e impedir que \u00e9sta llegue a los mares a trav\u00e9s de los diferentes r\u00edos que atraviesan la ciudad.<\/p>\n<figure id=\"attachment_20629\" aria-describedby=\"caption-attachment-20629\" style=\"width: 640px\" class=\"wp-caption alignnone\"><a href=\"https:\/\/tucomunidad.com.pa\/wp-content\/uploads\/2025\/08\/marea2-1.jpg\"><img decoding=\"async\" class=\"size-large wp-image-20629\" src=\"https:\/\/tucomunidad.com.pa\/wp-content\/uploads\/2025\/08\/marea2-1-1024x576.jpg\" alt=\"\" width=\"640\" height=\"360\" \/><\/a><figcaption id=\"caption-attachment-20629\" class=\"wp-caption-text\">El acuerdo fue suscrito por el alcalde F\u00e1brega y el empresario Felipe Motta.<\/figcaption><\/figure>\n<p>El documento fue suscrito por el alcalde Jos\u00e9 Luis F\u00e1brega y \u00a0Felipe Motta, representante legal de la fundaci\u00f3n. La idea es contribuir con el ambiente al generar cambios en la mentalidad y en el obrar de las personas a trav\u00e9s de proyectos pilotos que tambi\u00e9n sirvan como modelos para ser replicados y mejorados a futuro.<\/p>\n","protected":false},"excerpt":{"rendered":"<p>La excelente experiencia que hemos tenido en Costa del Este con el proyecto BOB (Barrera o basura), ejecutado por la fundaci\u00f3n Marea Verde, podr\u00eda replicarse en m\u00e1s zonas de la ciudad. La Alcald\u00eda de Panam\u00e1 firm\u00f3 un Convenio Marco de Colaboraci\u00f3n, que establece, a trav\u00e9s del trabajo mancomunado con Marea Verde, la coordinaci\u00f3n para instalar [&hellip;]<\/p>\n","protected":false},"author":1,"featured_media":65406,"comment_status":"closed","ping_status":"open","sticky":false,"template":"","format":"standard","meta":{"_acf_changed":false,"footnotes":""},"categories":[20],"tags":[359,4331],"class_list":["post-65662","post","type-post","status-publish","format-standard","has-post-thumbnail","hentry","category-costa-del-este-news","tag-alcaldia-de-panama","tag-bob"],"acf":[],"_links":{"self":[{"href":"https:\/\/tucomunidad.com.pa\/index.php?rest_route=\/wp\/v2\/posts\/65662","targetHints":{"allow":["GET"]}}],"collection":[{"href":"https:\/\/tucomunidad.com.pa\/index.php?rest_route=\/wp\/v2\/posts"}],"about":[{"href":"https:\/\/tucomunidad.com.pa\/index.php?rest_route=\/wp\/v2\/types\/post"}],"author":[{"embeddable":true,"href":"https:\/\/tucomunidad.com.pa\/index.php?rest_route=\/wp\/v2\/users\/1"}],"replies":[{"embeddable":true,"href":"https:\/\/tucomunidad.com.pa\/index.php?rest_route=%2Fwp%2Fv2%2Fcomments&post=65662"}],"version-history":[{"count":1,"href":"https:\/\/tucomunidad.com.pa\/index.php?rest_route=\/wp\/v2\/posts\/65662\/revisions"}],"predecessor-version":[{"id":65665,"href":"https:\/\/tucomunidad.com.pa\/index.php?rest_route=\/wp\/v2\/posts\/65662\/revisions\/65665"}],"wp:featuredmedia":[{"embeddable":true,"href":"https:\/\/tucomunidad.com.pa\/index.php?rest_route=\/wp\/v2\/media\/65406"}],"wp:attachment":[{"href":"https:\/\/tucomunidad.com.pa\/index.php?rest_route=%2Fwp%2Fv2%2Fmedia&parent=65662"}],"wp:term":[{"taxonomy":"category","embeddable":true,"href":"https:\/\/tucomunidad.com.pa\/index.php?rest_route=%2Fwp%2Fv2%2Fcategories&post=65662"},{"taxonomy":"post_tag","embeddable":true,"href":"https:\/\/tucomunidad.com.pa\/index.php?rest_route=%2Fwp%2Fv2%2Ftags&post=65662"}],"curies":[{"name":"wp","href":"https:\/\/api.w.org\/{rel}","templated":true}]}}