{"id":65108,"date":"2019-05-01T13:05:16","date_gmt":"2019-05-01T18:05:16","guid":{"rendered":"https:\/\/tucomunidad.com.pa\/sequia-impacta-economia-del-canal-de-panama\/"},"modified":"2025-08-07T03:46:18","modified_gmt":"2025-08-07T08:46:18","slug":"sequia-impacta-economia-del-canal-de-panama","status":"publish","type":"post","link":"https:\/\/tucomunidad.com.pa\/?p=65108","title":{"rendered":"Sequ\u00eda impacta econom\u00eda del Canal de Panam\u00e1"},"content":{"rendered":"<p>El fen\u00f3meno de El Ni\u00f1o tambi\u00e9n golpea la econom\u00eda paname\u00f1a. La intensa sequ\u00eda ha precipitado la disminuci\u00f3n del nivel de las aguas del lago Gat\u00fan, obligando al Canal de Panam\u00e1 a tomar medidas que afectan el tr\u00e1nsito mar\u00edtimo, al restringir el paso de embarcaciones grandes, principalmente de Estados Unidos y China que son los principales clientes del canal, y que ahora deben llevar menos carga.<\/p>\n<figure id=\"attachment_19834\" aria-describedby=\"caption-attachment-19834\" style=\"width: 615px\" class=\"wp-caption alignnone\"><a href=\"https:\/\/tucomunidad.com.pa\/wp-content\/uploads\/2025\/08\/CANAL-DE-PANAMA-1.jpg\"><img fetchpriority=\"high\" decoding=\"async\" class=\"size-full wp-image-19834\" src=\"https:\/\/tucomunidad.com.pa\/wp-content\/uploads\/2025\/08\/CANAL-DE-PANAMA-1.jpg\" alt=\"\" width=\"615\" height=\"304\" \/><\/a><figcaption id=\"caption-attachment-19834\" class=\"wp-caption-text\">La sequ\u00eda tambi\u00e9n est\u00e1 afectando la \u00f3ptima distribuci\u00f3n de agua potable en Ciudad de Panam\u00e1 y la provincia de Col\u00f3n | Foto: AF<\/figcaption><\/figure>\n<p>\u00c9ste, es el periodo m\u00e1s seco del que se tenga memoria sobre la cuenca hidrogr\u00e1fica del canal. El impacto econ\u00f3mico este a\u00f1o, es de aproximadamente 15 millones de d\u00f3lares, en comparaci\u00f3n con los 2,500 millones en ingresos generados en 2018.<\/p>\n<figure id=\"attachment_19836\" aria-describedby=\"caption-attachment-19836\" style=\"width: 960px\" class=\"wp-caption alignnone\"><a href=\"https:\/\/tucomunidad.com.pa\/wp-content\/uploads\/2025\/08\/canal-de-panama-2.jpg\"><img decoding=\"async\" class=\"size-full wp-image-19836\" src=\"https:\/\/tucomunidad.com.pa\/wp-content\/uploads\/2025\/08\/canal-de-panama-2.jpg\" alt=\"\" width=\"960\" height=\"540\" \/><\/a><figcaption id=\"caption-attachment-19836\" class=\"wp-caption-text\">La actual sequ\u00eda tambi\u00e9n afecta a peque\u00f1as comunidades ind\u00edgenas establecidas a orillas del lago Gat\u00fan.<\/figcaption><\/figure>\n<p>La Autoridad del Canal notific\u00f3 a sus clientes que en base al problema, a partir del 30 de abril se \u00a0estableci\u00f3 un calado m\u00e1ximo para los barcos Neopanamax de 13.41 metros (44.0 pies) en agua dulce; (el calado m\u00e1ximo normal alcanza los 15.2 metros o 50 pies). Dichos ajustes no aplican al viejo canal.<\/p>\n<p>&nbsp;<\/p>\n<p>&nbsp;<\/p>\n<p><strong>\u00a0<\/strong><\/p>\n<p>&nbsp;<\/p>\n","protected":false},"excerpt":{"rendered":"<p>El fen\u00f3meno de El Ni\u00f1o tambi\u00e9n golpea la econom\u00eda paname\u00f1a. La intensa sequ\u00eda ha precipitado la disminuci\u00f3n del nivel de las aguas del lago Gat\u00fan, obligando al Canal de Panam\u00e1 a tomar medidas que afectan el tr\u00e1nsito mar\u00edtimo, al restringir el paso de embarcaciones grandes, principalmente de Estados Unidos y China que son los principales [&hellip;]<\/p>\n","protected":false},"author":1,"featured_media":65112,"comment_status":"closed","ping_status":"open","sticky":false,"template":"","format":"standard","meta":{"_acf_changed":false,"footnotes":""},"categories":[4398,17],"tags":[360,4361,1152],"class_list":["post-65108","post","type-post","status-publish","format-standard","has-post-thumbnail","hentry","category-featured","category-nacionales","tag-canal-de-panama","tag-fenomeno-de-el-nino","tag-sequia"],"acf":[],"_links":{"self":[{"href":"https:\/\/tucomunidad.com.pa\/index.php?rest_route=\/wp\/v2\/posts\/65108","targetHints":{"allow":["GET"]}}],"collection":[{"href":"https:\/\/tucomunidad.com.pa\/index.php?rest_route=\/wp\/v2\/posts"}],"about":[{"href":"https:\/\/tucomunidad.com.pa\/index.php?rest_route=\/wp\/v2\/types\/post"}],"author":[{"embeddable":true,"href":"https:\/\/tucomunidad.com.pa\/index.php?rest_route=\/wp\/v2\/users\/1"}],"replies":[{"embeddable":true,"href":"https:\/\/tucomunidad.com.pa\/index.php?rest_route=%2Fwp%2Fv2%2Fcomments&post=65108"}],"version-history":[{"count":1,"href":"https:\/\/tucomunidad.com.pa\/index.php?rest_route=\/wp\/v2\/posts\/65108\/revisions"}],"predecessor-version":[{"id":65111,"href":"https:\/\/tucomunidad.com.pa\/index.php?rest_route=\/wp\/v2\/posts\/65108\/revisions\/65111"}],"wp:featuredmedia":[{"embeddable":true,"href":"https:\/\/tucomunidad.com.pa\/index.php?rest_route=\/wp\/v2\/media\/65112"}],"wp:attachment":[{"href":"https:\/\/tucomunidad.com.pa\/index.php?rest_route=%2Fwp%2Fv2%2Fmedia&parent=65108"}],"wp:term":[{"taxonomy":"category","embeddable":true,"href":"https:\/\/tucomunidad.com.pa\/index.php?rest_route=%2Fwp%2Fv2%2Fcategories&post=65108"},{"taxonomy":"post_tag","embeddable":true,"href":"https:\/\/tucomunidad.com.pa\/index.php?rest_route=%2Fwp%2Fv2%2Ftags&post=65108"}],"curies":[{"name":"wp","href":"https:\/\/api.w.org\/{rel}","templated":true}]}}