{"id":62774,"date":"2018-04-22T03:13:49","date_gmt":"2018-04-22T08:13:49","guid":{"rendered":"https:\/\/tucomunidad.com.pa\/dia-de-la-tierra-en-cde\/"},"modified":"2025-08-07T02:34:03","modified_gmt":"2025-08-07T07:34:03","slug":"dia-de-la-tierra-en-cde","status":"publish","type":"post","link":"https:\/\/tucomunidad.com.pa\/?p=62774","title":{"rendered":"D\u00eda de la Tierra en CDE"},"content":{"rendered":"<p>Desde hace unas cinco d\u00e9cadas, cada 22 de abril se celebra en una gran cantidad de pa\u00edses del mundo, el D\u00eda de la Tierra; conmemoraci\u00f3n que invita a reforzar en el ser humano, la preocupaci\u00f3n por trabajar a favor del bien com\u00fan y buscar soluciones \u00a0a los problemas medioambientales para conservar la biodiversidad.<\/p>\n<figure id=\"attachment_16372\" aria-describedby=\"caption-attachment-16372\" style=\"width: 640px\" class=\"wp-caption alignnone\"><a href=\"https:\/\/tucomunidad.com.pa\/wp-content\/uploads\/2025\/08\/costa-del-este-letrero-web.jpg\"><img fetchpriority=\"high\" decoding=\"async\" class=\"size-large wp-image-16372\" src=\"https:\/\/tucomunidad.com.pa\/wp-content\/uploads\/2025\/08\/costa-del-este-letrero-web-1024x570.jpg\" alt=\"\" width=\"640\" height=\"356\" \/><\/a><figcaption id=\"caption-attachment-16372\" class=\"wp-caption-text\">El material reciclable se estr\u00e1 recibiendo en los estacionamientos de la Administraci\u00f3n de Costa del Este, este domingo 22 de abril, hasta las 2:00 de la tarde.<\/figcaption><\/figure>\n<p>En nuestra comunidad, la organizaci\u00f3n bandera en defender y trabajar por esta causa: <strong>Fundaci\u00f3n Costa Recicla<\/strong>, desarrolla este d\u00eda una actividad con la cual invita a los vecinos y visitantes de Costa del Este, a retomar al menos por un d\u00eda, la pr\u00e1ctica habitual de entrega de material reciclable en las cercan\u00edas de su antiguo centro de acopio (estacionamiento de la Administraci\u00f3n de Costa del Este).<\/p>\n<p>Entre las 10 de la ma\u00f1ana y hasta las 2 de la tarde, estar\u00e1n recibiendo, a trav\u00e9s de su primer \u00a0\u201c Drive Thru de Reciclaje\u201d, \u00a0cart\u00f3n, peri\u00f3dico, vidrio y ropa de adultos. En esta oportunidad no recibir\u00e1n pl\u00e1stico o TetraPak.<\/p>\n\n<p>&nbsp;<\/p>\n","protected":false},"excerpt":{"rendered":"<p>Desde hace unas cinco d\u00e9cadas, cada 22 de abril se celebra en una gran cantidad de pa\u00edses del mundo, el D\u00eda de la Tierra; conmemoraci\u00f3n que invita a reforzar en el ser humano, la preocupaci\u00f3n por trabajar a favor del bien com\u00fan y buscar soluciones \u00a0a los problemas medioambientales para conservar la biodiversidad. En nuestra [&hellip;]<\/p>\n","protected":false},"author":1,"featured_media":61752,"comment_status":"closed","ping_status":"open","sticky":false,"template":"","format":"standard","meta":{"_acf_changed":false,"footnotes":""},"categories":[20,4398],"tags":[2375,587],"class_list":["post-62774","post","type-post","status-publish","format-standard","has-post-thumbnail","hentry","category-costa-del-este-news","category-featured","tag-costa-recicla","tag-dia-de-la-tierra"],"acf":[],"_links":{"self":[{"href":"https:\/\/tucomunidad.com.pa\/index.php?rest_route=\/wp\/v2\/posts\/62774","targetHints":{"allow":["GET"]}}],"collection":[{"href":"https:\/\/tucomunidad.com.pa\/index.php?rest_route=\/wp\/v2\/posts"}],"about":[{"href":"https:\/\/tucomunidad.com.pa\/index.php?rest_route=\/wp\/v2\/types\/post"}],"author":[{"embeddable":true,"href":"https:\/\/tucomunidad.com.pa\/index.php?rest_route=\/wp\/v2\/users\/1"}],"replies":[{"embeddable":true,"href":"https:\/\/tucomunidad.com.pa\/index.php?rest_route=%2Fwp%2Fv2%2Fcomments&post=62774"}],"version-history":[{"count":2,"href":"https:\/\/tucomunidad.com.pa\/index.php?rest_route=\/wp\/v2\/posts\/62774\/revisions"}],"predecessor-version":[{"id":62777,"href":"https:\/\/tucomunidad.com.pa\/index.php?rest_route=\/wp\/v2\/posts\/62774\/revisions\/62777"}],"wp:featuredmedia":[{"embeddable":true,"href":"https:\/\/tucomunidad.com.pa\/index.php?rest_route=\/wp\/v2\/media\/61752"}],"wp:attachment":[{"href":"https:\/\/tucomunidad.com.pa\/index.php?rest_route=%2Fwp%2Fv2%2Fmedia&parent=62774"}],"wp:term":[{"taxonomy":"category","embeddable":true,"href":"https:\/\/tucomunidad.com.pa\/index.php?rest_route=%2Fwp%2Fv2%2Fcategories&post=62774"},{"taxonomy":"post_tag","embeddable":true,"href":"https:\/\/tucomunidad.com.pa\/index.php?rest_route=%2Fwp%2Fv2%2Ftags&post=62774"}],"curies":[{"name":"wp","href":"https:\/\/api.w.org\/{rel}","templated":true}]}}