{"id":62768,"date":"2018-04-22T12:00:09","date_gmt":"2018-04-22T17:00:09","guid":{"rendered":"https:\/\/tucomunidad.com.pa\/curiosidades-mundialistas\/"},"modified":"2025-08-07T02:34:00","modified_gmt":"2025-08-07T07:34:00","slug":"curiosidades-mundialistas","status":"publish","type":"post","link":"https:\/\/tucomunidad.com.pa\/?p=62768","title":{"rendered":"CURIOSIDADES MUNDIALISTAS"},"content":{"rendered":"<p><strong>Publicaci\u00f3n in\u00e9dita del Panini<\/strong><\/p>\n<p>Antes de que comience el Mundial, los fan\u00e1ticos inician otro torneo; el de llenar el \u00e1lbum completo con los cientos de figuritas, que esta vez muestra un dise\u00f1o particular. Ser\u00e1 una publicaci\u00f3n in\u00e9dita por la ausencia de Italia y tambi\u00e9n por la participaci\u00f3n de pa\u00edses que nunca hab\u00edan estado, como Panam\u00e1 e Islandia. \u201cSer\u00e1 un placer descubrir en las p\u00e1ginas del \u00e1lbum a Panam\u00e1 o encontrar a Per\u00fa despu\u00e9s de muchas ediciones\u201d, afirma Antonio Allegra, director de mercadeo de Panini en Italia.<a href=\"https:\/\/tucomunidad.com.pa\/wp-content\/uploads\/2025\/08\/CURIOSIDADES-2-WEB.jpg\"><img fetchpriority=\"high\" decoding=\"async\" class=\"size-full wp-image-16367 alignright\" src=\"https:\/\/tucomunidad.com.pa\/wp-content\/uploads\/2025\/08\/CURIOSIDADES-2-WEB.jpg\" alt=\"\" width=\"360\" height=\"270\" \/><\/a><\/p>\n<p>Por primera vez en 60 a\u00f1os, la libreta de cromos creada en Italia llega a las manos de sus seguidores sin la representaci\u00f3n de ese pa\u00eds. \u201cEs muy extra\u00f1o tanto en Italia como en el extranjero mirar las p\u00e1ginas del \u00e1lbum y no encontrar, por ejemplo, a Gigi Buffon\u201d, indic\u00f3 Allegra.<\/p>\n<p><strong>Bajo la lupa antidopaje<\/strong><\/p>\n<p>Las 32 selecciones mundialistas deber\u00e1n participar a la FIFA cada uno de sus movimientos y localizaci\u00f3n, hasta 24 horas antes de sus partidos<strong>. <\/strong>Esto, para que la comisi\u00f3n m\u00e9dica planifique controles sorpresa <strong>de orina y de sangre, en busca de sustancias no permitidas <\/strong>como complejos o f\u00e1rmacos que no vienen expuestos en las etiquetas de los productos.\u00a0Si un jugador sufre una lesi\u00f3n y debe ser atendido en un centro m\u00e9dico, o no est\u00e1 presente durante un control antidopaje, ser\u00e1 considerado como una falta grave y se tomar\u00e1n medidas severas.<a href=\"https:\/\/tucomunidad.com.pa\/wp-content\/uploads\/2025\/08\/CURIOSIDADES-3-WEB.jpg\"><img decoding=\"async\" class=\"alignnone size-full wp-image-16368\" src=\"https:\/\/tucomunidad.com.pa\/wp-content\/uploads\/2025\/08\/CURIOSIDADES-3-WEB.jpg\" alt=\"\" width=\"461\" height=\"260\" \/><\/a><\/p>\n<p><strong>Al mal tiempo\u2026<\/strong><\/p>\n<p>Aunque la <strong>\u00e9poca durante la cual se celebra el Mundial<\/strong>\u00a0prev\u00e9 temperaturas c\u00e1lidas, dependiendo de la ciudad, tambi\u00e9n se estiman d\u00edas lluviosos que podr\u00edan afectar la realizaci\u00f3n de algunos partidos. De hecho, las tormentas el\u00e9ctricas son motivo de suspensi\u00f3n. El equipo de m\u00e9dicos est\u00e1 preparado para atender emergencias que puedan presentarse en caso de que un\u00a0<strong>futbolista sea alcanzado por un rayo.<\/strong><\/p>\n<p>En algunas ciudades del norte, como San Petersburgo, los d\u00edas ser\u00e1n muy largos, pues el sol no llegar\u00e1 a ponerse durante la \u00e9poca de las llamadas \u201cnoches blancas\u201d, que abarca desde\u00a0finales de mayo hasta mediados de julio.<\/p>\n<p><strong>\u00a0<\/strong><strong>Maluma le canta al Mundial<a href=\"https:\/\/tucomunidad.com.pa\/wp-content\/uploads\/2025\/08\/CURIOSIDADES-4-WEB.jpg\"><img decoding=\"async\" class=\"size-full wp-image-16369 alignright\" src=\"https:\/\/tucomunidad.com.pa\/wp-content\/uploads\/2025\/08\/CURIOSIDADES-4-WEB.jpg\" alt=\"\" width=\"142\" height=\"186\" \/><\/a><\/strong><\/p>\n<p>\u00abTodav\u00eda me siento como si tuviese que pedirle a mi mam\u00e1 que me pellizque\u00bb. Maluma no lo puede creer a\u00fan. El cantante colombiano es el int\u00e9rprete en espa\u00f1ol de la canci\u00f3n oficial del Mundial 2018 \u201cColors\u201d, grabada en Miami junto al tambi\u00e9n artista Jason Derulo, quien est\u00e1 a cargo de la versi\u00f3n en ingl\u00e9s.<\/p>\n<p>\u00abCuando me llamaron me infart\u00e9 como por cuatro segundos y despu\u00e9s me puse a gritar como loco\u00bb, indic\u00f3 el reguetonero, quien cumplir\u00e1 uno de sus sue\u00f1os, no solo por estar a cargo de la canci\u00f3n, sino por tener la oportunidad de ver en primera fila el m\u00e1ximo evento futbol\u00edstico del mundo.<\/p>\n<p>La letra de \u00abColors\u00bb transmite un mensaje de inclusi\u00f3n racial y multiculturalidad, invitando a los fan\u00e1ticos a mostrar los colores de sus banderas.<\/p>\n","protected":false},"excerpt":{"rendered":"<p>Publicaci\u00f3n in\u00e9dita del Panini Antes de que comience el Mundial, los fan\u00e1ticos inician otro torneo; el de llenar el \u00e1lbum completo con los cientos de figuritas, que esta vez muestra un dise\u00f1o particular. Ser\u00e1 una publicaci\u00f3n in\u00e9dita por la ausencia de Italia y tambi\u00e9n por la participaci\u00f3n de pa\u00edses que nunca hab\u00edan estado, como Panam\u00e1 [&hellip;]<\/p>\n","protected":false},"author":1,"featured_media":62773,"comment_status":"closed","ping_status":"open","sticky":false,"template":"","format":"standard","meta":{"_acf_changed":false,"footnotes":""},"categories":[362,4398],"tags":[3673,3708,363,476],"class_list":["post-62768","post","type-post","status-publish","format-standard","has-post-thumbnail","hentry","category-deportes","category-featured","tag-mundialrusia2018","tag-seleccionpanama","tag-deportes","tag-futbol"],"acf":[],"_links":{"self":[{"href":"https:\/\/tucomunidad.com.pa\/index.php?rest_route=\/wp\/v2\/posts\/62768","targetHints":{"allow":["GET"]}}],"collection":[{"href":"https:\/\/tucomunidad.com.pa\/index.php?rest_route=\/wp\/v2\/posts"}],"about":[{"href":"https:\/\/tucomunidad.com.pa\/index.php?rest_route=\/wp\/v2\/types\/post"}],"author":[{"embeddable":true,"href":"https:\/\/tucomunidad.com.pa\/index.php?rest_route=\/wp\/v2\/users\/1"}],"replies":[{"embeddable":true,"href":"https:\/\/tucomunidad.com.pa\/index.php?rest_route=%2Fwp%2Fv2%2Fcomments&post=62768"}],"version-history":[{"count":1,"href":"https:\/\/tucomunidad.com.pa\/index.php?rest_route=\/wp\/v2\/posts\/62768\/revisions"}],"predecessor-version":[{"id":62772,"href":"https:\/\/tucomunidad.com.pa\/index.php?rest_route=\/wp\/v2\/posts\/62768\/revisions\/62772"}],"wp:featuredmedia":[{"embeddable":true,"href":"https:\/\/tucomunidad.com.pa\/index.php?rest_route=\/wp\/v2\/media\/62773"}],"wp:attachment":[{"href":"https:\/\/tucomunidad.com.pa\/index.php?rest_route=%2Fwp%2Fv2%2Fmedia&parent=62768"}],"wp:term":[{"taxonomy":"category","embeddable":true,"href":"https:\/\/tucomunidad.com.pa\/index.php?rest_route=%2Fwp%2Fv2%2Fcategories&post=62768"},{"taxonomy":"post_tag","embeddable":true,"href":"https:\/\/tucomunidad.com.pa\/index.php?rest_route=%2Fwp%2Fv2%2Ftags&post=62768"}],"curies":[{"name":"wp","href":"https:\/\/api.w.org\/{rel}","templated":true}]}}