{"id":62034,"date":"2018-01-15T23:02:03","date_gmt":"2018-01-16T04:02:03","guid":{"rendered":"https:\/\/tucomunidad.com.pa\/danilo-perez-vamos-a-jazziar-a-panama\/"},"modified":"2025-08-07T01:48:14","modified_gmt":"2025-08-07T06:48:14","slug":"danilo-perez-vamos-a-jazziar-a-panama","status":"publish","type":"post","link":"https:\/\/tucomunidad.com.pa\/?p=62034","title":{"rendered":"Danilo P\u00e9rez: \u201cVamos a \u2018jazziar\u2019 a Panam\u00e1\u201d"},"content":{"rendered":"<p><strong>Texto y fotos: Andre\u00edna Rodr\u00edguez\u00a0<\/strong><\/p>\n<p>\u00abVamos a &#8216;jazziar&#8217; a Panam\u00e1\u00bb. As\u00ed lo anunci\u00f3 Danilo P\u00e9rez, director de la fundaci\u00f3n musical que lleva su nombre, durante la presentaci\u00f3n inaugural de la 15ta edici\u00f3n del Panam\u00e1 Jazz Festival.<\/p>\n<p>Con m\u00e1s de 500 voluntarios registrados y otros 40 colaboradores detr\u00e1s de escena, se estima recibir m\u00e1s de 30 mil espectadores para este 2018.<\/p>\n<p>Desde sus inicios en 2005, este proyecto ha otorgado m\u00e1s de cuatro millones de d\u00f3lares en becas a cientos de j\u00f3venes talentosos, convirti\u00e9ndose en una de las propuestas de desarrollo sostenible para el pa\u00eds. Un esfuerzo que P\u00e9rez ha definido como una \u201carmon\u00eda en conjunto\u201d que logra reunir a empresas privadas, autoridades del Estado y artistas nacionales y extranjeros, en pro de brindar oportunidades para el desarrollo social del pa\u00eds.<\/p>\n<p>\u00abLa mayor amenaza se llama conflicto y el jazz tiene la receta perfecta para armonizar toda disonancia. \u201cPor eso los invito, vamos a &#8216;jazziar&#8217; a Panam\u00e1\u00bb, concluy\u00f3 P\u00e9rez.<\/p>\n<figure id=\"attachment_15197\" aria-describedby=\"caption-attachment-15197\" style=\"width: 648px\" class=\"wp-caption alignnone\"><a href=\"https:\/\/tucomunidad.com.pa\/wp-content\/uploads\/2018\/01\/Alcalde-Jos\u00e9-Bland\u00f3n-El-gran-cambio-en-el-pa\u00eds-no-se-va-a-dar-porque-construiste-una-carretera-o-un-puente-se-da-cuando-logras-cambiar-la-mentalidad-de-la-gente.jpg\"><img fetchpriority=\"high\" decoding=\"async\" class=\"size-full wp-image-15197\" src=\"https:\/\/tucomunidad.com.pa\/wp-content\/uploads\/2018\/01\/Alcalde-Jos\u00e9-Bland\u00f3n-El-gran-cambio-en-el-pa\u00eds-no-se-va-a-dar-porque-construiste-una-carretera-o-un-puente-se-da-cuando-logras-cambiar-la-mentalidad-de-la-gente.jpg\" alt=\"\" width=\"648\" height=\"340\" \/><\/a><figcaption id=\"caption-attachment-15197\" class=\"wp-caption-text\">Alcalde Jos\u00e9 Bland\u00f3n &#8211; El gran cambio en el pa\u00eds no se va a dar porque construiste una carretera o un puente, se da cuando logras cambiar la mentalidad de la gente.<\/figcaption><\/figure>\n<p><strong>Alcald\u00eda renueva compromiso<\/strong><\/p>\n<p>Por su parte, el alcalde de Panam\u00e1, Jos\u00e9 Bland\u00f3n, reiter\u00f3 el compromiso del despacho municipal, no solo de fomentar eventos culturales, sino tambi\u00e9n a promover la formaci\u00f3n de nuevos talentos a trav\u00e9s de la Fundaci\u00f3n Danilo P\u00e9rez.<\/p>\n<p>\u00abEl gran cambio en el pa\u00eds no se va a dar porque construiste una carretera o inauguraste un puente, se da cuando logras cambiar la mentalidad de la gente\u00bb, sostuvo el mandatario capitalino.<\/p>\n<p><strong>De centro militar a musical<\/strong><\/p>\n<p>El profesor Jorge Arosemena, presidente ejecutivo de la Ciudad del Saber, tambi\u00e9n renov\u00f3 el compromiso de la instituci\u00f3n de ofrecer espacios para el desarrollo de toda iniciativa cultural.<\/p>\n<p>\u201cDonde pudo haber una base militar, hoy en d\u00eda ha sido transformada en un espacio donde se cultiva el potencial de la juventud paname\u00f1a, por eso cada enero nos llena de ilusi\u00f3n de ver a tantos talentos compartir su arte en un mismo escenario, como espacio de encuentro y crecimiento humano\u201d, dijo Arosemena.<\/p>\n<p><strong>BAC repite como patrocinador <\/strong><\/p>\n<p>Por segundo a\u00f1o consecutivo la entidad financiera Bac Credomatic renov\u00f3 su compromiso con el proyecto, suscribiendo una nueva alianza como patrocinador oficial que beneficiar\u00e1 a un centenar de nuevos talentos nacionales.<\/p>\n<p>\u201cUna vez m\u00e1s BAC CREDOMATIC reafirma su compromiso y el apoyo a m\u00e1s de 100 m\u00fasicos del festival\u201d, reza as\u00ed su comunicado oficial.<\/p>\n<p>Para Jaime Moreno, vicepresidente ejecutivo de la firma, reconoci\u00f3 la importancia de paliar la violencia y brindar oportunidades de crecimiento y desarrollo social que promueve las artes, especialmente la m\u00fasica.<\/p>\n<p>\u201cBac Panam\u00e1 cree firmemente que este festival ha logrado posicionarse como un proyecto cultural que consolida la creatividad, el intercambio y el talento con un fuerte compromiso con la educaci\u00f3n y bienestar social paname\u00f1o\u201d, coment\u00f3.<\/p>\n<figure id=\"attachment_15198\" aria-describedby=\"caption-attachment-15198\" style=\"width: 648px\" class=\"wp-caption alignnone\"><a href=\"https:\/\/tucomunidad.com.pa\/wp-content\/uploads\/2018\/01\/Marco-Ocando-Juan-Antonio-F\u00e1brega-Vicente-Godoy-Edwin-Cede\u00f1o-Jos\u00e9-Bland\u00f3n-Danilo-P\u00e9rez-Marcela-Paredes-Jorge-Arosemena-Jaime-Moreno-y-Carlos-G\u00f3mez.jpg\"><img decoding=\"async\" class=\"size-full wp-image-15198\" src=\"https:\/\/tucomunidad.com.pa\/wp-content\/uploads\/2018\/01\/Marco-Ocando-Juan-Antonio-F\u00e1brega-Vicente-Godoy-Edwin-Cede\u00f1o-Jos\u00e9-Bland\u00f3n-Danilo-P\u00e9rez-Marcela-Paredes-Jorge-Arosemena-Jaime-Moreno-y-Carlos-G\u00f3mez.jpg\" alt=\"\" width=\"648\" height=\"340\" \/><\/a><figcaption id=\"caption-attachment-15198\" class=\"wp-caption-text\">1. Marco Ocando, de COPA AIRLINES; Juan Antonio F\u00e1brega, Cervecer\u00eda Nacional; Vicente Godoy, ATP; Edwin Cede\u00f1o, INAC; Jos\u00e9 Bland\u00f3n, alcalde de Panam\u00e1; Danilo P\u00e9rez, embajador cultural director del Panam\u00e1 Jazz Festival; Marcela Paredes, MEDUCA; Jorge Arosemena, Ciudad del Saber; Jaime Moreno, Bac Credomatic, y Carlos G\u00f3mez, Cable &amp; Wireless.<\/figcaption><\/figure>\n<p><strong>Referente mundial<\/strong><\/p>\n<p>El Panam\u00e1 Jazz Festival y sus clases maestras que suman alrededor de 80 mil d\u00f3lares en talleres, cl\u00ednicas y cursos, se ha convertido en el \u201cpuente de las am\u00e9ricas\u201d para los nuevos talentos de todo el continente.<\/p>\n<p>As\u00ed lo estima P\u00e9rez, quien confes\u00f3 lamentar que cada a\u00f1o se sumen nuevas solicitudes al sistema, aun teniendo limitadas posibilidades de admisi\u00f3n.<\/p>\n<p>\u201cEste a\u00f1o recibimos m\u00e1s de 900 solicitudes de diversos pa\u00edses, pero apenas disponemos de 20 vacantes este a\u00f1o. Esperamos que este programa contin\u00fae creciendo, y no solo para otorgar becas, sino que podamos llevar las presentaciones a todas las regiones del pa\u00eds\u201d, coment\u00f3.<\/p>\n","protected":false},"excerpt":{"rendered":"<p>Texto y fotos: Andre\u00edna Rodr\u00edguez\u00a0 \u00abVamos a &#8216;jazziar&#8217; a Panam\u00e1\u00bb. As\u00ed lo anunci\u00f3 Danilo P\u00e9rez, director de la fundaci\u00f3n musical que lleva su nombre, durante la presentaci\u00f3n inaugural de la 15ta edici\u00f3n del Panam\u00e1 Jazz Festival. Con m\u00e1s de 500 voluntarios registrados y otros 40 colaboradores detr\u00e1s de escena, se estima recibir m\u00e1s de 30 [&hellip;]<\/p>\n","protected":false},"author":1,"featured_media":0,"comment_status":"closed","ping_status":"open","sticky":false,"template":"","format":"standard","meta":{"_acf_changed":false,"footnotes":""},"categories":[15,4398],"tags":[3714,3715,3716],"class_list":["post-62034","post","type-post","status-publish","format-standard","hentry","category-cultura","category-featured","tag-ajazziarenpanama","tag-cultura-fundaciondaniloperez","tag-panamajazzfestiva"],"acf":[],"_links":{"self":[{"href":"https:\/\/tucomunidad.com.pa\/index.php?rest_route=\/wp\/v2\/posts\/62034","targetHints":{"allow":["GET"]}}],"collection":[{"href":"https:\/\/tucomunidad.com.pa\/index.php?rest_route=\/wp\/v2\/posts"}],"about":[{"href":"https:\/\/tucomunidad.com.pa\/index.php?rest_route=\/wp\/v2\/types\/post"}],"author":[{"embeddable":true,"href":"https:\/\/tucomunidad.com.pa\/index.php?rest_route=\/wp\/v2\/users\/1"}],"replies":[{"embeddable":true,"href":"https:\/\/tucomunidad.com.pa\/index.php?rest_route=%2Fwp%2Fv2%2Fcomments&post=62034"}],"version-history":[{"count":1,"href":"https:\/\/tucomunidad.com.pa\/index.php?rest_route=\/wp\/v2\/posts\/62034\/revisions"}],"predecessor-version":[{"id":62035,"href":"https:\/\/tucomunidad.com.pa\/index.php?rest_route=\/wp\/v2\/posts\/62034\/revisions\/62035"}],"wp:attachment":[{"href":"https:\/\/tucomunidad.com.pa\/index.php?rest_route=%2Fwp%2Fv2%2Fmedia&parent=62034"}],"wp:term":[{"taxonomy":"category","embeddable":true,"href":"https:\/\/tucomunidad.com.pa\/index.php?rest_route=%2Fwp%2Fv2%2Fcategories&post=62034"},{"taxonomy":"post_tag","embeddable":true,"href":"https:\/\/tucomunidad.com.pa\/index.php?rest_route=%2Fwp%2Fv2%2Ftags&post=62034"}],"curies":[{"name":"wp","href":"https:\/\/api.w.org\/{rel}","templated":true}]}}