{"id":59412,"date":"2017-01-01T06:56:24","date_gmt":"2017-01-01T11:56:24","guid":{"rendered":"https:\/\/tucomunidad.com.pa\/hasta-b-100-por-estacionar-en-aceras\/"},"modified":"2025-08-06T22:58:33","modified_gmt":"2025-08-07T03:58:33","slug":"hasta-b-100-por-estacionar-en-aceras","status":"publish","type":"post","link":"https:\/\/tucomunidad.com.pa\/?p=59412","title":{"rendered":"Hasta B.\/100 por estacionar en aceras"},"content":{"rendered":"<p>La \u00faltima semana del 2016 cierra con el Decreto Alcaldicio No. 27-2016 del 20 de diciembre de 2016, que establece multas para quienes estacionen sus\u00a0veh\u00edculos en aceras, isletas, plazas, \u00e1reas verdes, ciclov\u00edas y otros espacios p\u00fablicos revitalizados dentro del distrito de Panam\u00e1.<\/p>\n<figure id=\"attachment_11224\" class=\"wp-caption aligncenter\"><a href=\"https:\/\/tucomunidad.com.pa\/wp-content\/uploads\/2025\/08\/aceras.jpg\" rel=\"attachment wp-att-11224\"><img fetchpriority=\"high\" decoding=\"async\" class=\"size-full wp-image-11224\" src=\"https:\/\/tucomunidad.com.pa\/wp-content\/uploads\/2025\/08\/aceras.jpg\" sizes=\"(max-width: 600px) 100vw, 600px\" srcset=\"https:\/\/tucomunidad.com.pa\/wp-content\/uploads\/2025\/08\/aceras-300x200.jpg 300w, https:\/\/tucomunidad.com.pa\/wp-content\/uploads\/2025\/08\/aceras.jpg 600w\" alt=\"La medida preyende agilizar el tr\u00e1fico y brindarle m\u00e1s comodidad a los peatones | Foto: Alpha Editorial\" width=\"600\" height=\"400\" \/><\/a><figcaption class=\"wp-caption-text\">La medida pretende agilizar el tr\u00e1fico y brindarle m\u00e1s comodidad a los peatones | Foto: Alpha Editorial<\/figcaption><\/figure>\n<p>La idea es mantener, proteger y preservar las estructuras reci\u00e9n construidas en beneficio del\u00a0tr\u00e1nsito peatonal y darle el uso\u00a0para los cuales fueron dise\u00f1adas.<\/p>\n<p>Las multas ser\u00e1n de \u00a050, 75 o 100 d\u00f3lares en los casos en que se viole la norma y en casos extremos, se har\u00e1 la remoci\u00f3n de los veh\u00edculos, seg\u00fan los casos. El infractor tendr\u00e1 30 d\u00edas para cancelar el costo de la\u00a0sanci\u00f3n.<\/p>\n","protected":false},"excerpt":{"rendered":"<p>La \u00faltima semana del 2016 cierra con el Decreto Alcaldicio No. 27-2016 del 20 de diciembre de 2016, que establece multas para quienes estacionen sus\u00a0veh\u00edculos en aceras, isletas, plazas, \u00e1reas verdes, ciclov\u00edas y otros espacios p\u00fablicos revitalizados dentro del distrito de Panam\u00e1. La medida pretende agilizar el tr\u00e1fico y brindarle m\u00e1s comodidad a los peatones [&hellip;]<\/p>\n","protected":false},"author":1,"featured_media":59415,"comment_status":"closed","ping_status":"open","sticky":false,"template":"","format":"standard","meta":{"_acf_changed":false,"footnotes":""},"categories":[4398,17],"tags":[1097,359,769],"class_list":["post-59412","post","type-post","status-publish","format-standard","has-post-thumbnail","hentry","category-featured","category-nacionales","tag-aceras","tag-alcaldia-de-panama","tag-multas"],"acf":[],"_links":{"self":[{"href":"https:\/\/tucomunidad.com.pa\/index.php?rest_route=\/wp\/v2\/posts\/59412","targetHints":{"allow":["GET"]}}],"collection":[{"href":"https:\/\/tucomunidad.com.pa\/index.php?rest_route=\/wp\/v2\/posts"}],"about":[{"href":"https:\/\/tucomunidad.com.pa\/index.php?rest_route=\/wp\/v2\/types\/post"}],"author":[{"embeddable":true,"href":"https:\/\/tucomunidad.com.pa\/index.php?rest_route=\/wp\/v2\/users\/1"}],"replies":[{"embeddable":true,"href":"https:\/\/tucomunidad.com.pa\/index.php?rest_route=%2Fwp%2Fv2%2Fcomments&post=59412"}],"version-history":[{"count":1,"href":"https:\/\/tucomunidad.com.pa\/index.php?rest_route=\/wp\/v2\/posts\/59412\/revisions"}],"predecessor-version":[{"id":59414,"href":"https:\/\/tucomunidad.com.pa\/index.php?rest_route=\/wp\/v2\/posts\/59412\/revisions\/59414"}],"wp:featuredmedia":[{"embeddable":true,"href":"https:\/\/tucomunidad.com.pa\/index.php?rest_route=\/wp\/v2\/media\/59415"}],"wp:attachment":[{"href":"https:\/\/tucomunidad.com.pa\/index.php?rest_route=%2Fwp%2Fv2%2Fmedia&parent=59412"}],"wp:term":[{"taxonomy":"category","embeddable":true,"href":"https:\/\/tucomunidad.com.pa\/index.php?rest_route=%2Fwp%2Fv2%2Fcategories&post=59412"},{"taxonomy":"post_tag","embeddable":true,"href":"https:\/\/tucomunidad.com.pa\/index.php?rest_route=%2Fwp%2Fv2%2Ftags&post=59412"}],"curies":[{"name":"wp","href":"https:\/\/api.w.org\/{rel}","templated":true}]}}