{"id":59095,"date":"2016-12-11T12:30:01","date_gmt":"2016-12-11T17:30:01","guid":{"rendered":"https:\/\/tucomunidad.com.pa\/panama-se-prepara-para-vivir-la-navidad\/"},"modified":"2025-08-06T22:46:53","modified_gmt":"2025-08-07T03:46:53","slug":"panama-se-prepara-para-vivir-la-navidad","status":"publish","type":"post","link":"https:\/\/tucomunidad.com.pa\/?p=59095","title":{"rendered":"Panam\u00e1 lista para  vivir la magia navide\u00f1a|Hoy es el desfile en Cinta Costera"},"content":{"rendered":"<p style=\"text-align: justify;\">En este diciembre hay \u00a0muchas actividades organizadas por la Alcald\u00eda de Panam\u00e1 y por algunas juntas comunales como la de Bella Vista.<\/p>\n<p style=\"text-align: justify;\">Iniciaron el 2 de diciembre con el encendido del alumbrado navide\u00f1o que este a\u00f1o incluy\u00f3 a los parques Urrac\u00e1, Andr\u00e9s Bello y Quinto Centenario, la V\u00eda Argentina, avenida Federico Boyd, \u00a0Cinta\u00a0 Costera y Casco Antiguo.<\/p>\n<p style=\"text-align: justify;\">El tradicional desfile navide\u00f1o se realizar\u00e1 hoy domingo 11 de diciembre y el concierto de Navidad \u00a0el 25 con artistas nacionales; ambos eventos ser\u00e1n en la Cinta Costera.<\/p>\n<p style=\"text-align: justify;\"><strong>Made in Panam\u00e1<\/strong><\/p>\n<p style=\"text-align: justify;\">Esta vez el desfile navide\u00f1o, que el a\u00f1o pasado emul\u00f3 a un \u201cparade\u201d de Disney; en esta oportunidad es organizado y producido totalmente en Panam\u00e1. Bland\u00f3n explic\u00f3 que el motivo ser\u00e1n los cuentos universales: \u201cPinocho, Caperucita Roja y \u00a0tambi\u00e9n tendremos a la Cucarachita Mandinga, como un homenaje a nuestro escritor Rogelio Sin\u00e1n. Es un desfile que va tener muchas de las innovaciones aplicadas en el desfile de Disney como por ejemplo, la cerca de protecci\u00f3n entre otras cosas; y al finalizar habr\u00e1 un show de fuegos artificiales\u201d.<\/p>\n<figure id=\"attachment_10718\" aria-describedby=\"caption-attachment-10718\" style=\"width: 640px\" class=\"wp-caption alignnone\"><a href=\"https:\/\/tucomunidad.com.pa\/wp-content\/uploads\/2025\/08\/luz-3.jpg\" rel=\"attachment wp-att-10718\"><img fetchpriority=\"high\" decoding=\"async\" class=\"size-large wp-image-10718\" src=\"https:\/\/tucomunidad.com.pa\/wp-content\/uploads\/2025\/08\/luz-3-1024x576.jpg\" alt=\"Ya la Alcald\u00eda de Panam\u00e1 inici\u00f3 la colocaci\u00f3n y prueba de luces que iluminar\u00e1n la Navidad capitalina | Foto: Octavio Quir\u00f3s\" width=\"640\" height=\"360\" \/><\/a><figcaption id=\"caption-attachment-10718\" class=\"wp-caption-text\">Ya la Alcald\u00eda de Panam\u00e1 inici\u00f3 la colocaci\u00f3n y prueba de luces que iluminar\u00e1n la Navidad capitalina | Foto: Octavio Quir\u00f3s<\/figcaption><\/figure>\n<p>&nbsp;<\/p>\n<p style=\"text-align: justify;\">Por su parte la vice alcaldesa, <strong>Raisa Banfield<\/strong>, expres\u00f3 que al cierre del 2016 el municipio ha querido extender la Navidad m\u00e1s all\u00e1 de una sola jornada. \u201cRealmente queremos que todo el mes de diciembre sea de celebraci\u00f3n, que la ciudad tambi\u00e9n refleje ese esp\u00edritu navide\u00f1o que tienen los hogares paname\u00f1os y muchas de las iniciativas que las comunidades est\u00e1n llevando a cabo. Tendremos en \u2018Mi Pueblito\u00b4 un nacimiento en vivo, llevaremos posadas a trav\u00e9s de los distintos corregimientos, haremos el encendido del alumbrado, ya no en un solo punto, sino es diversos sectores para que realmente \u00a0la ciudad se vista de luces, que por cierto ser\u00e1n LED, de bajo consumo energ\u00e9tico. Hemos hecho una inversi\u00f3n (2,5 millones de d\u00f3lares) para que toda la capital est\u00e9 feliz. As\u00ed como se invierte en obras, deportes, en iniciativas de participaci\u00f3n ciudadana y en los planes de desarrollo de la ciudad, tambi\u00e9n hay que invertir en las celebraciones y estamos procurando que este presupuesto sea proporcional a lo que la ciudad quiere reflejar; siempre ponderando las prioridades\u00bb, puntualiz\u00f3.<\/p>\n","protected":false},"excerpt":{"rendered":"<p>En este diciembre hay \u00a0muchas actividades organizadas por la Alcald\u00eda de Panam\u00e1 y por algunas juntas comunales como la de Bella Vista. Iniciaron el 2 de diciembre con el encendido del alumbrado navide\u00f1o que este a\u00f1o incluy\u00f3 a los parques Urrac\u00e1, Andr\u00e9s Bello y Quinto Centenario, la V\u00eda Argentina, avenida Federico Boyd, \u00a0Cinta\u00a0 Costera y [&hellip;]<\/p>\n","protected":false},"author":1,"featured_media":59098,"comment_status":"closed","ping_status":"open","sticky":false,"template":"","format":"standard","meta":{"_acf_changed":false,"footnotes":""},"categories":[17],"tags":[359,3111,3112,1345,45],"class_list":["post-59095","post","type-post","status-publish","format-standard","has-post-thumbnail","hentry","category-nacionales","tag-alcaldia-de-panama","tag-concierto-de-navidad","tag-desfile-navideno","tag-navidad","tag-panama"],"acf":[],"_links":{"self":[{"href":"https:\/\/tucomunidad.com.pa\/index.php?rest_route=\/wp\/v2\/posts\/59095","targetHints":{"allow":["GET"]}}],"collection":[{"href":"https:\/\/tucomunidad.com.pa\/index.php?rest_route=\/wp\/v2\/posts"}],"about":[{"href":"https:\/\/tucomunidad.com.pa\/index.php?rest_route=\/wp\/v2\/types\/post"}],"author":[{"embeddable":true,"href":"https:\/\/tucomunidad.com.pa\/index.php?rest_route=\/wp\/v2\/users\/1"}],"replies":[{"embeddable":true,"href":"https:\/\/tucomunidad.com.pa\/index.php?rest_route=%2Fwp%2Fv2%2Fcomments&post=59095"}],"version-history":[{"count":1,"href":"https:\/\/tucomunidad.com.pa\/index.php?rest_route=\/wp\/v2\/posts\/59095\/revisions"}],"predecessor-version":[{"id":59097,"href":"https:\/\/tucomunidad.com.pa\/index.php?rest_route=\/wp\/v2\/posts\/59095\/revisions\/59097"}],"wp:featuredmedia":[{"embeddable":true,"href":"https:\/\/tucomunidad.com.pa\/index.php?rest_route=\/wp\/v2\/media\/59098"}],"wp:attachment":[{"href":"https:\/\/tucomunidad.com.pa\/index.php?rest_route=%2Fwp%2Fv2%2Fmedia&parent=59095"}],"wp:term":[{"taxonomy":"category","embeddable":true,"href":"https:\/\/tucomunidad.com.pa\/index.php?rest_route=%2Fwp%2Fv2%2Fcategories&post=59095"},{"taxonomy":"post_tag","embeddable":true,"href":"https:\/\/tucomunidad.com.pa\/index.php?rest_route=%2Fwp%2Fv2%2Ftags&post=59095"}],"curies":[{"name":"wp","href":"https:\/\/api.w.org\/{rel}","templated":true}]}}