{"id":57143,"date":"2016-05-06T17:07:16","date_gmt":"2016-05-06T22:07:16","guid":{"rendered":"https:\/\/tucomunidad.com.pa\/que-pasara-con-los-trabajadores-del-grupo-wisa\/"},"modified":"2016-05-06T17:07:16","modified_gmt":"2016-05-06T22:07:16","slug":"que-pasara-con-los-trabajadores-del-grupo-wisa","status":"publish","type":"post","link":"https:\/\/tucomunidad.com.pa\/?p=57143","title":{"rendered":"\u00bfQu\u00e9 pasar\u00e1 con los trabajadores del Grupo Wisa?"},"content":{"rendered":"<p>El presidente de la Rep\u00fablica, Juan Carlos Varela inform\u00f3 mediante un comunicado que \u00abasegurar\u00e1 que el sistema independiente de justicia y regulatorio est\u00e9 haciendo su trabajo conforme a las competencias de cada instituci\u00f3n\u00bb.<\/p>\n<p>Indic\u00f3 que \u00abla Procuradur\u00eda General ha anunciado una investigaci\u00f3n y nuestros reguladores bancarios y de valores han tomado medidas inmediatas para proteger la integridad de nuestro mercado de valores y de los depositantes\u00bb.<\/p>\n<p>Contin\u00faa el comunicado, \u201cmi prioridad como presidente es proteger nuestra poblaci\u00f3n y nuestras instituciones. He encargado al Ministro de Econom\u00eda y Finanzas trabajar con los funcionarios del gobierno estadounidense para proteger los empleos de los paname\u00f1os afectados por este asunto. Ya hemos iniciado consultas directas y he solicitado informes continuos sobre el progreso de las mismas\u201d.<\/p>\n","protected":false},"excerpt":{"rendered":"<p>El presidente de la Rep\u00fablica, Juan Carlos Varela inform\u00f3 mediante un comunicado que \u00abasegurar\u00e1 que el sistema independiente de justicia y regulatorio est\u00e9 haciendo su trabajo conforme a las competencias de cada instituci\u00f3n\u00bb. Indic\u00f3 que \u00abla Procuradur\u00eda General ha anunciado una investigaci\u00f3n y nuestros reguladores bancarios y de valores han tomado medidas inmediatas para proteger [&hellip;]<\/p>\n","protected":false},"author":1,"featured_media":57144,"comment_status":"closed","ping_status":"open","sticky":false,"template":"","format":"standard","meta":{"_acf_changed":false,"footnotes":""},"categories":[4398,17],"tags":[2318,338],"class_list":["post-57143","post","type-post","status-publish","format-standard","has-post-thumbnail","hentry","category-featured","category-nacionales","tag-grupo-wisa","tag-juan-carlos-varela"],"acf":[],"_links":{"self":[{"href":"https:\/\/tucomunidad.com.pa\/index.php?rest_route=\/wp\/v2\/posts\/57143","targetHints":{"allow":["GET"]}}],"collection":[{"href":"https:\/\/tucomunidad.com.pa\/index.php?rest_route=\/wp\/v2\/posts"}],"about":[{"href":"https:\/\/tucomunidad.com.pa\/index.php?rest_route=\/wp\/v2\/types\/post"}],"author":[{"embeddable":true,"href":"https:\/\/tucomunidad.com.pa\/index.php?rest_route=\/wp\/v2\/users\/1"}],"replies":[{"embeddable":true,"href":"https:\/\/tucomunidad.com.pa\/index.php?rest_route=%2Fwp%2Fv2%2Fcomments&post=57143"}],"version-history":[{"count":0,"href":"https:\/\/tucomunidad.com.pa\/index.php?rest_route=\/wp\/v2\/posts\/57143\/revisions"}],"wp:featuredmedia":[{"embeddable":true,"href":"https:\/\/tucomunidad.com.pa\/index.php?rest_route=\/wp\/v2\/media\/57144"}],"wp:attachment":[{"href":"https:\/\/tucomunidad.com.pa\/index.php?rest_route=%2Fwp%2Fv2%2Fmedia&parent=57143"}],"wp:term":[{"taxonomy":"category","embeddable":true,"href":"https:\/\/tucomunidad.com.pa\/index.php?rest_route=%2Fwp%2Fv2%2Fcategories&post=57143"},{"taxonomy":"post_tag","embeddable":true,"href":"https:\/\/tucomunidad.com.pa\/index.php?rest_route=%2Fwp%2Fv2%2Ftags&post=57143"}],"curies":[{"name":"wp","href":"https:\/\/api.w.org\/{rel}","templated":true}]}}