{"id":56719,"date":"2016-04-01T14:41:15","date_gmt":"2016-04-01T19:41:15","guid":{"rendered":"https:\/\/tucomunidad.com.pa\/juan-carlos-chavez-necesito-espacio-para-crear-y-desplazar-lo-que-quiero-transmitir\/"},"modified":"2025-08-06T21:50:37","modified_gmt":"2025-08-07T02:50:37","slug":"juan-carlos-chavez-necesito-espacio-para-crear-y-desplazar-lo-que-quiero-transmitir","status":"publish","type":"post","link":"https:\/\/tucomunidad.com.pa\/?p=56719","title":{"rendered":"Juan Carlos Ch\u00e1vez  \u201cNecesito espacio para crear y desplazar lo que quiero transmitir\u201d"},"content":{"rendered":"<p>&nbsp;<\/p>\n<p>En su rostro tiene estampada una sonrisa. Parece que la vida le diera risa; probablemente es la felicidad que le da crear, el j\u00fabilo que le producen los colores; decenas de colores que est\u00e1n en cada una de sus pinturas, que juegan con lo abstracto y se acercan al alma particular de cada quien.<\/p>\n<p>Juan Carlos Ch\u00e1vez, conocido por su gente cercana como Huevo, apelativo que le confiri\u00f3 la forma de su cabeza, esa de donde surgen tantas creaciones \u00fanicas que hoy cuelgan en decenas de hogares, en oficinas, pasillos corporativos, en alg\u00fan hotel y en restaurantes. A sus \u00a035 a\u00f1os siente que alcanz\u00f3 la libertad deseada, manejando su propio tiempo y espacio al vivir absolutamente del arte.<\/p>\n<p>Desde su hogar de toda la vida, rodeados por un jard\u00edn con vida propia, y refrescados por el aleteo insistente del ventilador de techo, conversamos con este paname\u00f1o que da vida a mensajes crom\u00e1ticos que no quedan inertes sobre las telas, que se expresan a trav\u00e9s de la apreciaci\u00f3n singular de cada quien.<\/p>\n<figure id=\"attachment_7207\" aria-describedby=\"caption-attachment-7207\" style=\"width: 435px\" class=\"wp-caption alignnone\"><a href=\"https:\/\/tucomunidad.com.pa\/wp-content\/uploads\/2025\/08\/Juan-Carlos-Chavez6.jpg\" rel=\"attachment wp-att-7207\"><img fetchpriority=\"high\" decoding=\"async\" class=\"wp-image-7207\" src=\"https:\/\/tucomunidad.com.pa\/wp-content\/uploads\/2025\/08\/Juan-Carlos-Chavez6-300x169.jpg\" alt=\"SONY DSC\" width=\"435\" height=\"245\" \/><\/a><figcaption id=\"caption-attachment-7207\" class=\"wp-caption-text\">En su peque\u00f1o taller produce sus obras y su felicidad. El color explota en este espacio.<\/figcaption><\/figure>\n<h5>\u00bfTe molesta que te llamen huevo?<\/h5>\n<p>Primero se r\u00ede con af\u00e1n y luego responde: \u201cPara nada, me gusta mucho, tanto que si en la calle me gritan \u00b4Juan Carlos\u00b4 a veces no volteo porque no me doy cuenta de que me llaman a m\u00ed. Ese apodo es mi identificaci\u00f3n personal\u201d.<\/p>\n<h5>\u00bfCu\u00e1les son los materiales que predominan en tu obra y t\u00e9cnica?<\/h5>\n<p>Trabajo con acr\u00edlicos y mis pinturas son abstractas pero tienen dise\u00f1o. La gente puede detectar mensajes en \u00e9stas. Aporta un mensaje, atardeceres y mucha naturaleza.\u00a0 Hay mucho movimiento y color. Trabajo en formatos grandes porque necesito espacio para crear y desplazar lo que quiero transmitir.<\/p>\n<figure id=\"attachment_7208\" aria-describedby=\"caption-attachment-7208\" style=\"width: 419px\" class=\"wp-caption alignnone\"><a href=\"https:\/\/tucomunidad.com.pa\/wp-content\/uploads\/2025\/08\/Juan-carlos-Chavez3.jpg\" rel=\"attachment wp-att-7208\"><img decoding=\"async\" class=\"wp-image-7208\" src=\"https:\/\/tucomunidad.com.pa\/wp-content\/uploads\/2025\/08\/Juan-carlos-Chavez3-300x169.jpg\" alt=\"Juan carlos Chavez3\" width=\"419\" height=\"236\" \/><\/a><figcaption id=\"caption-attachment-7208\" class=\"wp-caption-text\">Los colores vivos y primarios coronan las obras de este paname\u00f1o que prometen no detener su creaci\u00f3n.<\/figcaption><\/figure>\n<h5>\u00bfQu\u00e9 pretendes endosar en tus creaciones?<\/h5>\n<p>Paz, tranquilidad y alegr\u00eda<\/p>\n<h5>\u00bfDesde cu\u00e1ndo pintas?<\/h5>\n<p>Desde que tengo\u00a0 uso de raz\u00f3n; siempre me ha gustado; en la escuela hac\u00eda grafitis y murales. Admiraba mucho a mi t\u00edo abuelo Juan Manuel Cede\u00f1o, quien, para m\u00ed era el mejor pintor que ten\u00eda Panam\u00e1, retrataba presidentes. Sus obras est\u00e1n en la presidencia; conservo pinceles que \u00e9l utiliz\u00f3\u201d.<\/p>\n<h5>\u00bfCu\u00e1l fue tu primera obra profesional?<\/h5>\n<p>La pintura de un perro hecha para un amigo que me la encarg\u00f3.<\/p>\n<h5>\u00bfSi se puede vivir del arte?<\/h5>\n<p>Vivo 100% del arte desde hace 3 a\u00f1os. No hay nada m\u00e1s valioso que ser el due\u00f1o de tu tiempo, a veces da miedo por la inestabilidad que supone,\u00a0 pero hay que crear y soy feliz. Estoy muy contento de que a la gente le guste mi trabajo.<\/p>\n<h5>\u00bfHas hecho exposiciones?<\/h5>\n<p>No como tal pero las pinturas han estado en un restaurante, en un hotel y pint\u00e9 un mural en el restaurante Lynchburg, que est\u00e1 aqu\u00ed en San Francisco. Har\u00e9 \u00a0una exposici\u00f3n en julio con 10 piezas.<\/p>\n<h5>Coordenadas<a href=\"https:\/\/tucomunidad.com.pa\/wp-content\/uploads\/2025\/08\/Juan-Carlos-Chavez-5.jpg\" rel=\"attachment wp-att-7209\"><img decoding=\"async\" class=\" wp-image-7209 alignleft\" src=\"https:\/\/tucomunidad.com.pa\/wp-content\/uploads\/2025\/08\/Juan-Carlos-Chavez-5-169x300.jpg\" alt=\"Juan Carlos Chavez 5\" width=\"187\" height=\"332\" \/><\/a><\/h5>\n<p>Facebook: Juan Carlos Ch\u00e1vez<\/p>\n<p>Instagram: @artwebo<\/p>\n","protected":false},"excerpt":{"rendered":"<p>&nbsp; En su rostro tiene estampada una sonrisa. Parece que la vida le diera risa; probablemente es la felicidad que le da crear, el j\u00fabilo que le producen los colores; decenas de colores que est\u00e1n en cada una de sus pinturas, que juegan con lo abstracto y se acercan al alma particular de cada quien. [&hellip;]<\/p>\n","protected":false},"author":1,"featured_media":56724,"comment_status":"closed","ping_status":"open","sticky":false,"template":"","format":"standard","meta":{"_acf_changed":false,"footnotes":""},"categories":[15,4398],"tags":[],"class_list":["post-56719","post","type-post","status-publish","format-standard","has-post-thumbnail","hentry","category-cultura","category-featured"],"acf":[],"_links":{"self":[{"href":"https:\/\/tucomunidad.com.pa\/index.php?rest_route=\/wp\/v2\/posts\/56719","targetHints":{"allow":["GET"]}}],"collection":[{"href":"https:\/\/tucomunidad.com.pa\/index.php?rest_route=\/wp\/v2\/posts"}],"about":[{"href":"https:\/\/tucomunidad.com.pa\/index.php?rest_route=\/wp\/v2\/types\/post"}],"author":[{"embeddable":true,"href":"https:\/\/tucomunidad.com.pa\/index.php?rest_route=\/wp\/v2\/users\/1"}],"replies":[{"embeddable":true,"href":"https:\/\/tucomunidad.com.pa\/index.php?rest_route=%2Fwp%2Fv2%2Fcomments&post=56719"}],"version-history":[{"count":1,"href":"https:\/\/tucomunidad.com.pa\/index.php?rest_route=\/wp\/v2\/posts\/56719\/revisions"}],"predecessor-version":[{"id":56723,"href":"https:\/\/tucomunidad.com.pa\/index.php?rest_route=\/wp\/v2\/posts\/56719\/revisions\/56723"}],"wp:featuredmedia":[{"embeddable":true,"href":"https:\/\/tucomunidad.com.pa\/index.php?rest_route=\/wp\/v2\/media\/56724"}],"wp:attachment":[{"href":"https:\/\/tucomunidad.com.pa\/index.php?rest_route=%2Fwp%2Fv2%2Fmedia&parent=56719"}],"wp:term":[{"taxonomy":"category","embeddable":true,"href":"https:\/\/tucomunidad.com.pa\/index.php?rest_route=%2Fwp%2Fv2%2Fcategories&post=56719"},{"taxonomy":"post_tag","embeddable":true,"href":"https:\/\/tucomunidad.com.pa\/index.php?rest_route=%2Fwp%2Fv2%2Ftags&post=56719"}],"curies":[{"name":"wp","href":"https:\/\/api.w.org\/{rel}","templated":true}]}}