{"id":54888,"date":"2015-09-03T02:49:29","date_gmt":"2015-09-03T07:49:29","guid":{"rendered":"https:\/\/tucomunidad.com.pa\/panama-lamenta-muerte-del-periodista-rene-rizcalla\/"},"modified":"2015-09-03T02:49:29","modified_gmt":"2015-09-03T07:49:29","slug":"panama-lamenta-muerte-del-periodista-rene-rizcalla","status":"publish","type":"post","link":"https:\/\/tucomunidad.com.pa\/?p=54888","title":{"rendered":"Panam\u00e1 lamenta muerte del periodista Ren\u00e9 Rizcalla"},"content":{"rendered":"<p dir=\"ltr\">El periodismo paname\u00f1o llora hoy 2 de septiembre la desaparici\u00f3n f\u00edsica del comunicador social Ren\u00e9 Rizcalla a consecuencia de un\u00a0 accidente de tr\u00e1nsito en Bejuco, Chame.<\/p>\n<p dir=\"ltr\">Rizcalla ejerci\u00f3 su carrera en RPC Radio y RPC Noticias, y en los \u00faltimos a\u00f1os en la emisora Sol 88.9 FM.<\/p>\n<p dir=\"ltr\">El m\u00e9dico Secundino Sugasti quien lo atendi\u00f3\u00a0 dijo que sufri\u00f3 un trauma craneoencef\u00e1lico severo.<\/p>\n<p dir=\"ltr\">El presidente de la Rep\u00fablica, Juan Carlos Varela, public\u00f3 en su cuenta de Twitter: \u00abCon tristeza recibimos la noticia de la muerte de Don Ren\u00e9 Rizcalla, nuestras m\u00e1s sinceras condolencias a toda su familia\u00bb.<\/p>\n<p dir=\"ltr\">Los periodistas que conocieron a este\u00a0 veterano\u00a0 lamentaron la p\u00e9rdida de Rizacalla, como lo hizo\u00a0 la presidenta del Colegio Nacional de Periodistas,\u00a0 Blanca G\u00f3mez, quien lo record\u00f3 como un maestro de maestro<\/p>\n<p dir=\"ltr\">El periodista deportivo Julio Shebelut public\u00f3 lo siguiente: \u00abMaestro del periodismo deportivo y general. Fallece Rene Rizcalla un cr\u00edtico y permanente preocupado del pa\u00eds Q.E.P.D.\u00bb<\/p>\n<p dir=\"ltr\">El corresponsal de AP en Panam\u00e1, Juan Zamorano tambi\u00e9n poste\u00f3 lo siguiente, \u00abRizcalla, legendarios del periodismo deportivo paname\u00f1o Al igual q el maestro Tommy, al que conoc\u00ed bien, Ren\u00e9 deja legado\u00bb.<\/p>\n<p dir=\"ltr\">Desde Alpha Editorial enviamos palabras de consuelo a sus familiares y amigos cercanos. Su legado y ense\u00f1anzas lo mantendr\u00e1n vivo para siempre<\/p>\n","protected":false},"excerpt":{"rendered":"<p>El periodismo paname\u00f1o llora hoy 2 de septiembre la desaparici\u00f3n f\u00edsica del comunicador social Ren\u00e9 Rizcalla a consecuencia de un\u00a0 accidente de tr\u00e1nsito en Bejuco, Chame. Rizcalla ejerci\u00f3 su carrera en RPC Radio y RPC Noticias, y en los \u00faltimos a\u00f1os en la emisora Sol 88.9 FM. El m\u00e9dico Secundino Sugasti quien lo atendi\u00f3\u00a0 dijo [&hellip;]<\/p>\n","protected":false},"author":1,"featured_media":54889,"comment_status":"closed","ping_status":"open","sticky":false,"template":"","format":"standard","meta":{"_acf_changed":false,"footnotes":""},"categories":[4398,17],"tags":[1279,1280,1281],"class_list":["post-54888","post","type-post","status-publish","format-standard","has-post-thumbnail","hentry","category-featured","category-nacionales","tag-muere-periodista","tag-periodismo","tag-rene-rizcalla"],"acf":[],"_links":{"self":[{"href":"https:\/\/tucomunidad.com.pa\/index.php?rest_route=\/wp\/v2\/posts\/54888","targetHints":{"allow":["GET"]}}],"collection":[{"href":"https:\/\/tucomunidad.com.pa\/index.php?rest_route=\/wp\/v2\/posts"}],"about":[{"href":"https:\/\/tucomunidad.com.pa\/index.php?rest_route=\/wp\/v2\/types\/post"}],"author":[{"embeddable":true,"href":"https:\/\/tucomunidad.com.pa\/index.php?rest_route=\/wp\/v2\/users\/1"}],"replies":[{"embeddable":true,"href":"https:\/\/tucomunidad.com.pa\/index.php?rest_route=%2Fwp%2Fv2%2Fcomments&post=54888"}],"version-history":[{"count":0,"href":"https:\/\/tucomunidad.com.pa\/index.php?rest_route=\/wp\/v2\/posts\/54888\/revisions"}],"wp:featuredmedia":[{"embeddable":true,"href":"https:\/\/tucomunidad.com.pa\/index.php?rest_route=\/wp\/v2\/media\/54889"}],"wp:attachment":[{"href":"https:\/\/tucomunidad.com.pa\/index.php?rest_route=%2Fwp%2Fv2%2Fmedia&parent=54888"}],"wp:term":[{"taxonomy":"category","embeddable":true,"href":"https:\/\/tucomunidad.com.pa\/index.php?rest_route=%2Fwp%2Fv2%2Fcategories&post=54888"},{"taxonomy":"post_tag","embeddable":true,"href":"https:\/\/tucomunidad.com.pa\/index.php?rest_route=%2Fwp%2Fv2%2Ftags&post=54888"}],"curies":[{"name":"wp","href":"https:\/\/api.w.org\/{rel}","templated":true}]}}